{"id":1883,"date":"2024-10-14T16:35:51","date_gmt":"2024-10-14T22:35:51","guid":{"rendered":"https:\/\/ambsansalvador.esteri.it\/?p=1883"},"modified":"2024-10-16T15:12:35","modified_gmt":"2024-10-16T21:12:35","slug":"xxiv-semana-de-la-lengua-italiana-en-mundo-2024-el-italiano-y-el-libro-el-mundo-entre-lineas","status":"publish","type":"post","link":"https:\/\/ambsansalvador.esteri.it\/es\/news\/dall_ambasciata\/2024\/10\/xxiv-semana-de-la-lengua-italiana-en-mundo-2024-el-italiano-y-el-libro-el-mundo-entre-lineas\/","title":{"rendered":"XXIV Semana de la Lengua Italiana en Mundo 2024: \u201cEl Italiano y el Libro: El Mundo entre Lineas\u201d"},"content":{"rendered":"<p>La Semana de la Lengua Italiana en el Mundo (SLIM) llega a su XXIV edici\u00f3n y se celebrar\u00e1 del 14 al 20 de octubre de 2024.<\/p>\n<p>Cada a\u00f1o, esta semana se caracteriza por eventos organizados por la red diplom\u00e1tico-consular y los Institutos Italianos de Cultura, en colaboraci\u00f3n con los principales socios locales dedicados a la promoci\u00f3n ling\u00fc\u00edstica.<\/p>\n<p>El tema de este a\u00f1o es \u00abItaliano y el libro: el mundo entre l\u00edneas\u00bb, con el objetivo de investigar la relaci\u00f3n entre lengua y literatura en el contexto actual, subrayando el papel fundamental del libro como instrumento de transmisi\u00f3n del patrimonio cultural, de los valores y la identidad italiana.<\/p>\n<p>El Vicepresidente del Consejo de Ministros y Ministro de Asuntos Exteriores y de Cooperaci\u00f3n Internacional, Honorable. Antonio Tajani inaugur\u00f3 la SLIM en Buenos Aires.<\/p>\n<p>Puede revisar el <a href=\"https:\/\/www.youtube.com\/live\/Ic66j0bjgGY\">evento<\/a>.<\/p>\n<p>Acceda al volumen realizado por la Academia de la Crusca sobre el tema \u00ab<a href=\"https:\/\/ambsansalvador.esteri.it\/wp-content\/uploads\/2024\/10\/italiano_libro_Crusca_2024.pdf\">El italiano y el libro: el mundo entre las l\u00edneas<\/a>\u00ab.<\/p>\n<p>Para ver el v\u00eddeo promocional, haga clic <a href=\"https:\/\/x.com\/italyinsalvador\/status\/1845912914944729132\">aqu\u00ed<\/a><\/p>\n","protected":false},"excerpt":{"rendered":"La Semana de la Lengua Italiana en el Mundo (SLIM) llega a su XXIV edici\u00f3n y se celebrar\u00e1 del 14 al 20 de octubre de 2024. Cada a\u00f1o, esta semana se caracteriza por eventos organizados por la red diplom\u00e1tico-consular y los Institutos Italianos de Cultura, en colaboraci\u00f3n con los principales socios locales dedicados a la [&hellip;]","protected":false},"author":2,"featured_media":1875,"comment_status":"closed","ping_status":"closed","sticky":false,"template":"","format":"standard","meta":{"footnotes":""},"tags":[],"class_list":["post-1883","post","type-post","status-publish","format-standard","has-post-thumbnail","hentry"],"_links":{"self":[{"href":"https:\/\/ambsansalvador.esteri.it\/es\/wp-json\/wp\/v2\/posts\/1883","targetHints":{"allow":["GET"]}}],"collection":[{"href":"https:\/\/ambsansalvador.esteri.it\/es\/wp-json\/wp\/v2\/posts"}],"about":[{"href":"https:\/\/ambsansalvador.esteri.it\/es\/wp-json\/wp\/v2\/types\/post"}],"author":[{"embeddable":true,"href":"https:\/\/ambsansalvador.esteri.it\/es\/wp-json\/wp\/v2\/users\/2"}],"replies":[{"embeddable":true,"href":"https:\/\/ambsansalvador.esteri.it\/es\/wp-json\/wp\/v2\/comments?post=1883"}],"version-history":[{"count":1,"href":"https:\/\/ambsansalvador.esteri.it\/es\/wp-json\/wp\/v2\/posts\/1883\/revisions"}],"predecessor-version":[{"id":1886,"href":"https:\/\/ambsansalvador.esteri.it\/es\/wp-json\/wp\/v2\/posts\/1883\/revisions\/1886"}],"wp:featuredmedia":[{"embeddable":true,"href":"https:\/\/ambsansalvador.esteri.it\/es\/wp-json\/wp\/v2\/media\/1875"}],"wp:attachment":[{"href":"https:\/\/ambsansalvador.esteri.it\/es\/wp-json\/wp\/v2\/media?parent=1883"}],"wp:term":[{"taxonomy":"post_tag","embeddable":true,"href":"https:\/\/ambsansalvador.esteri.it\/es\/wp-json\/wp\/v2\/tags?post=1883"}],"curies":[{"name":"wp","href":"https:\/\/api.w.org\/{rel}","templated":true}]}}