{"id":1894,"date":"2024-10-17T11:30:01","date_gmt":"2024-10-17T17:30:01","guid":{"rendered":"https:\/\/ambsansalvador.esteri.it\/?p=1894"},"modified":"2024-10-17T11:32:38","modified_gmt":"2024-10-17T17:32:38","slug":"novedad-adquisicion-obligatoria-de-datos-biometricos-tambien-para-las-solicitudes-de-visado-de-tipo-d","status":"publish","type":"post","link":"https:\/\/ambsansalvador.esteri.it\/es\/news\/dall_ambasciata\/2024\/10\/novedad-adquisicion-obligatoria-de-datos-biometricos-tambien-para-las-solicitudes-de-visado-de-tipo-d\/","title":{"rendered":"NOVEDAD: ADQUISICI\u00d3N OBLIGATORIA DE DATOS BIOM\u00c9TRICOS TAMBI\u00c9N PARA LAS SOLICITUDES DE VISADO DE TIPO D"},"content":{"rendered":"<p>Se informa a los usuarios de que, con la aprobaci\u00f3n del Decreto Ley n\u00ba 145 de 11 de octubre de 2024, a partir del 11 de enero de 2025, ser\u00e1 obligatorio adquirir las huellas dactilares tambi\u00e9n para las solicitudes de visados nacionales de entrada (tipo D).<\/p>\n<p>Las modalidades de adquisici\u00f3n y las posibles excepciones son las mismas que las actualmente en vigor para los visados de corta duraci\u00f3n (art. 13 del C\u00f3digo de Visados).<\/p>\n","protected":false},"excerpt":{"rendered":"Se informa a los usuarios de que, con la aprobaci\u00f3n del Decreto Ley n\u00ba 145 de 11 de octubre de 2024, a partir del 11 de enero de 2025, ser\u00e1 obligatorio adquirir las huellas dactilares tambi\u00e9n para las solicitudes de visados nacionales de entrada (tipo D). Las modalidades de adquisici\u00f3n y las posibles excepciones son [&hellip;]","protected":false},"author":2,"featured_media":0,"comment_status":"closed","ping_status":"closed","sticky":false,"template":"","format":"standard","meta":{"footnotes":""},"tags":[],"class_list":["post-1894","post","type-post","status-publish","format-standard","hentry"],"_links":{"self":[{"href":"https:\/\/ambsansalvador.esteri.it\/es\/wp-json\/wp\/v2\/posts\/1894","targetHints":{"allow":["GET"]}}],"collection":[{"href":"https:\/\/ambsansalvador.esteri.it\/es\/wp-json\/wp\/v2\/posts"}],"about":[{"href":"https:\/\/ambsansalvador.esteri.it\/es\/wp-json\/wp\/v2\/types\/post"}],"author":[{"embeddable":true,"href":"https:\/\/ambsansalvador.esteri.it\/es\/wp-json\/wp\/v2\/users\/2"}],"replies":[{"embeddable":true,"href":"https:\/\/ambsansalvador.esteri.it\/es\/wp-json\/wp\/v2\/comments?post=1894"}],"version-history":[{"count":1,"href":"https:\/\/ambsansalvador.esteri.it\/es\/wp-json\/wp\/v2\/posts\/1894\/revisions"}],"predecessor-version":[{"id":1895,"href":"https:\/\/ambsansalvador.esteri.it\/es\/wp-json\/wp\/v2\/posts\/1894\/revisions\/1895"}],"wp:attachment":[{"href":"https:\/\/ambsansalvador.esteri.it\/es\/wp-json\/wp\/v2\/media?parent=1894"}],"wp:term":[{"taxonomy":"post_tag","embeddable":true,"href":"https:\/\/ambsansalvador.esteri.it\/es\/wp-json\/wp\/v2\/tags?post=1894"}],"curies":[{"name":"wp","href":"https:\/\/api.w.org\/{rel}","templated":true}]}}