{"id":1954,"date":"2024-11-25T10:28:49","date_gmt":"2024-11-25T16:28:49","guid":{"rendered":"https:\/\/ambsansalvador.esteri.it\/?p=1954"},"modified":"2024-11-27T10:31:05","modified_gmt":"2024-11-27T16:31:05","slug":"la-farnesina-y-las-embajadas-adhieren-al-dia-internacional-de-la-eliminacion-de-la-violencia-contra-la-mujer","status":"publish","type":"post","link":"https:\/\/ambsansalvador.esteri.it\/es\/news\/dall_ambasciata\/2024\/11\/la-farnesina-y-las-embajadas-adhieren-al-dia-internacional-de-la-eliminacion-de-la-violencia-contra-la-mujer\/","title":{"rendered":"La Farnesina y las Embajadas adhieren al D\u00eda Internacional de la Eliminaci\u00f3n de la Violencia contra la Mujer"},"content":{"rendered":"<p>Este a\u00f1o tambi\u00e9n, el Ministerio de Asuntos Exteriores y de la Cooperaci\u00f3n Internacional se adhiere a la campa\u00f1a de movilizaci\u00f3n internacional con motivo del D\u00eda Internacional para la Eliminaci\u00f3n de la Violencia contra las Mujeres. Como indic\u00f3 el Vicepresidente del Consejo y Ministro de Asuntos Exteriores y de la Cooperaci\u00f3n Internacional, Hon. Antonio Tajani: \u201cItalia debe estar en primera l\u00ednea para promover la igualdad de g\u00e9nero y el empoderamiento femenino, en particular para prevenir y combatir cualquier forma de discriminaci\u00f3n y violencia contra las mujeres\u201d.<\/p>\n<p>Este a\u00f1o, el tema ser\u00e1 llevado a la Reuni\u00f3n Ministerial de Asuntos Exteriores del G7 en Fiuggi-Anagni. El 25 de noviembre, durante la reuni\u00f3n ministerial, se inaugurar\u00e1 un <strong>\u00abbanco rojo\u00bb<\/strong> \u2013 en memoria de las mujeres v\u00edctimas de violencia y de sus vidas perdidas \u2013 con la colocaci\u00f3n de una placa conmemorativa por parte de los Ministros de Asuntos Exteriores presentes, en el Teatro Municipal de Fiuggi, cuya fachada ser\u00e1 iluminada de color naranja para la ocasi\u00f3n.<br \/>\nLa iniciativa confirma la atenci\u00f3n que Italia, en su calidad de Presidencia del G7, ha querido dedicar al tema de la prevenci\u00f3n y la lucha contra la violencia hacia las mujeres y las ni\u00f1as, especialmente en las numerosas situaciones de conflicto, donde la violencia sexual tambi\u00e9n se utiliza como arma de guerra.<\/p>\n<p>Siguiendo la indicaci\u00f3n del Ministro Tajani, la Farnesina y su red en el exterior tambi\u00e9n se suman este a\u00f1o a la campa\u00f1a <strong>\u201cOrange the World: End Violence against Women Now!\u201d<\/strong>, promovida por ONU Mujeres, que da inicio a 16 d\u00edas de actividades junto a la sociedad civil. Para la ocasi\u00f3n, el 25 de noviembre, la sede de la Farnesina se iluminar\u00e1 de color naranja.<\/p>\n<p>La eliminaci\u00f3n de la violencia contra las mujeres y el apoyo al empoderamiento femenino siguen siendo pilares fundamentales de la pol\u00edtica exterior y de cooperaci\u00f3n al desarrollo de Italia. Prueba de ello son las numerosas campa\u00f1as internacionales, como las destinadas a erradicar la mutilaci\u00f3n genital femenina y los matrimonios precoces y forzados, en las que Italia ha estado siempre a la vanguardia, as\u00ed como nuestro compromiso en el marco de la Comisi\u00f3n de la ONU sobre la Condici\u00f3n Jur\u00eddica y Social de la Mujer.<\/p>\n<p>En el \u00e1mbito de la Agenda de la ONU <strong>\u201cMujeres, Paz y Seguridad\u201d<\/strong>, Italia, a trav\u00e9s de un Plan de Acci\u00f3n Nacional espec\u00edfico, se sit\u00faa a la vanguardia entre los Estados miembros de las Naciones Unidas, promoviendo iniciativas para favorecer la plena participaci\u00f3n de las mujeres en todas las actividades de prevenci\u00f3n y resoluci\u00f3n de conflictos, como la Red de Mujeres Mediadoras del Mediterr\u00e1neo, lanzada por Italia en 2017.<\/p>\n<p>Las recientes directrices de la Cooperaci\u00f3n Italiana sobre la igualdad de g\u00e9nero y el empoderamiento de mujeres, ni\u00f1as y adolescentes tienen como objetivo intensificar a\u00fan m\u00e1s nuestro compromiso mediante iniciativas espec\u00edficas que abarcan desde la salud femenina, materno-infantil, sexual y reproductiva, hasta el apoyo a programas para la educaci\u00f3n de ni\u00f1as y mujeres.<\/p>\n<p>A solicitud del Ministro Tajani, la Farnesina ha dedicado a la memoria de Giulia Cecchettin, quien fue v\u00edctima de feminicidio en la v\u00edspera de su graduaci\u00f3n en ingenier\u00eda, el programa de becas de estudio de la Farnesina para j\u00f3venes talentos internacionales <strong>\u2018Invest Your Talent in Italy\u2019<\/strong>, que combina programas de alta especializaci\u00f3n en disciplinas de ingenier\u00eda, econom\u00eda o arquitectura en universidades italianas con per\u00edodos de formaci\u00f3n en empresas de nuestro pa\u00eds.<\/p>\n","protected":false},"excerpt":{"rendered":"Este a\u00f1o tambi\u00e9n, el Ministerio de Asuntos Exteriores y de la Cooperaci\u00f3n Internacional se adhiere a la campa\u00f1a de movilizaci\u00f3n internacional con motivo del D\u00eda Internacional para la Eliminaci\u00f3n de la Violencia contra las Mujeres. Como indic\u00f3 el Vicepresidente del Consejo y Ministro de Asuntos Exteriores y de la Cooperaci\u00f3n Internacional, Hon. Antonio Tajani: \u201cItalia [&hellip;]","protected":false},"author":2,"featured_media":1946,"comment_status":"closed","ping_status":"closed","sticky":false,"template":"","format":"standard","meta":{"footnotes":""},"tags":[],"class_list":["post-1954","post","type-post","status-publish","format-standard","has-post-thumbnail","hentry"],"_links":{"self":[{"href":"https:\/\/ambsansalvador.esteri.it\/es\/wp-json\/wp\/v2\/posts\/1954","targetHints":{"allow":["GET"]}}],"collection":[{"href":"https:\/\/ambsansalvador.esteri.it\/es\/wp-json\/wp\/v2\/posts"}],"about":[{"href":"https:\/\/ambsansalvador.esteri.it\/es\/wp-json\/wp\/v2\/types\/post"}],"author":[{"embeddable":true,"href":"https:\/\/ambsansalvador.esteri.it\/es\/wp-json\/wp\/v2\/users\/2"}],"replies":[{"embeddable":true,"href":"https:\/\/ambsansalvador.esteri.it\/es\/wp-json\/wp\/v2\/comments?post=1954"}],"version-history":[{"count":1,"href":"https:\/\/ambsansalvador.esteri.it\/es\/wp-json\/wp\/v2\/posts\/1954\/revisions"}],"predecessor-version":[{"id":1955,"href":"https:\/\/ambsansalvador.esteri.it\/es\/wp-json\/wp\/v2\/posts\/1954\/revisions\/1955"}],"wp:featuredmedia":[{"embeddable":true,"href":"https:\/\/ambsansalvador.esteri.it\/es\/wp-json\/wp\/v2\/media\/1946"}],"wp:attachment":[{"href":"https:\/\/ambsansalvador.esteri.it\/es\/wp-json\/wp\/v2\/media?parent=1954"}],"wp:term":[{"taxonomy":"post_tag","embeddable":true,"href":"https:\/\/ambsansalvador.esteri.it\/es\/wp-json\/wp\/v2\/tags?post=1954"}],"curies":[{"name":"wp","href":"https:\/\/api.w.org\/{rel}","templated":true}]}}