{"id":2437,"date":"2025-04-28T13:08:41","date_gmt":"2025-04-28T19:08:41","guid":{"rendered":"https:\/\/ambsansalvador.esteri.it\/?p=2437"},"modified":"2025-04-28T13:10:37","modified_gmt":"2025-04-28T19:10:37","slug":"164-aniversario-de-las-relaciones-diplomaticas-entre-italia-y-el-salvador","status":"publish","type":"post","link":"https:\/\/ambsansalvador.esteri.it\/es\/news\/dall_ambasciata\/2025\/04\/164-aniversario-de-las-relaciones-diplomaticas-entre-italia-y-el-salvador\/","title":{"rendered":"164\u00b0 aniversario de las Relaciones Diplomaticas entre Italia y El Salvador"},"content":{"rendered":"<p>La Embajada de Italia en ocasi\u00f3n de los 164 a\u00f1os de Relaciones Diplom\u00e1ticas entre Italia y El Salvador, tiene el honor de invitar a un acto conmemorativo el d\u00eda 9 de mayo a las 9:30 horas, en el Monumento denominado \u201cMausoleo de la Loba\u201d, en el Cementerio de los Ilustres de San Salvador.<\/p>\n<p>El evento es abierto para todo el publico.<\/p>\n","protected":false},"excerpt":{"rendered":"La Embajada de Italia en ocasi\u00f3n de los 164 a\u00f1os de Relaciones Diplom\u00e1ticas entre Italia y El Salvador, tiene el honor de invitar a un acto conmemorativo el d\u00eda 9 de mayo a las 9:30 horas, en el Monumento denominado \u201cMausoleo de la Loba\u201d, en el Cementerio de los Ilustres de San Salvador. El evento [&hellip;]","protected":false},"author":4,"featured_media":2433,"comment_status":"closed","ping_status":"closed","sticky":false,"template":"","format":"standard","meta":{"footnotes":""},"tags":[],"class_list":["post-2437","post","type-post","status-publish","format-standard","has-post-thumbnail","hentry"],"_links":{"self":[{"href":"https:\/\/ambsansalvador.esteri.it\/es\/wp-json\/wp\/v2\/posts\/2437","targetHints":{"allow":["GET"]}}],"collection":[{"href":"https:\/\/ambsansalvador.esteri.it\/es\/wp-json\/wp\/v2\/posts"}],"about":[{"href":"https:\/\/ambsansalvador.esteri.it\/es\/wp-json\/wp\/v2\/types\/post"}],"author":[{"embeddable":true,"href":"https:\/\/ambsansalvador.esteri.it\/es\/wp-json\/wp\/v2\/users\/4"}],"replies":[{"embeddable":true,"href":"https:\/\/ambsansalvador.esteri.it\/es\/wp-json\/wp\/v2\/comments?post=2437"}],"version-history":[{"count":1,"href":"https:\/\/ambsansalvador.esteri.it\/es\/wp-json\/wp\/v2\/posts\/2437\/revisions"}],"predecessor-version":[{"id":2438,"href":"https:\/\/ambsansalvador.esteri.it\/es\/wp-json\/wp\/v2\/posts\/2437\/revisions\/2438"}],"wp:featuredmedia":[{"embeddable":true,"href":"https:\/\/ambsansalvador.esteri.it\/es\/wp-json\/wp\/v2\/media\/2433"}],"wp:attachment":[{"href":"https:\/\/ambsansalvador.esteri.it\/es\/wp-json\/wp\/v2\/media?parent=2437"}],"wp:term":[{"taxonomy":"post_tag","embeddable":true,"href":"https:\/\/ambsansalvador.esteri.it\/es\/wp-json\/wp\/v2\/tags?post=2437"}],"curies":[{"name":"wp","href":"https:\/\/api.w.org\/{rel}","templated":true}]}}