{"id":2708,"date":"2025-09-19T11:57:20","date_gmt":"2025-09-19T17:57:20","guid":{"rendered":"https:\/\/ambsansalvador.esteri.it\/?p=2708"},"modified":"2025-09-19T12:27:40","modified_gmt":"2025-09-19T18:27:40","slug":"sotto-la-cupola-encuentros-literarios-y-musicales-de-la-embajada-de-italia-en-san-salvador","status":"publish","type":"post","link":"https:\/\/ambsansalvador.esteri.it\/es\/news\/dall_ambasciata\/2025\/09\/sotto-la-cupola-encuentros-literarios-y-musicales-de-la-embajada-de-italia-en-san-salvador\/","title":{"rendered":"\u00abSOTTO LA CUPOLA\u00bb: ENCUENTROS LITERARIOS Y MUSICALES DE LA EMBAJADA DE ITALIA EN SAN SALVADOR."},"content":{"rendered":"<p style=\"text-align: justify;\">Nos complace anunciar una nueva iniciativa cultural de nuestra Embajada: \u00abSotto la Cupola: Encuentros literarios y musicales de la Embajada de Italia en San Salvador\u00bb.<br \/>\nEn los espacios renovados de la Embajada de Italia, presentaremos mensualmente un autor italiano, del cual destacaremos los aspectos menos conocidos de la obra y de la vida, con una referencia constante al contexto pol\u00edtico y social en el que se vive. Para completar el cuadro, seguir\u00e1 un peque\u00f1o concierto con \u00abasonancias\u00bb respecto al autor tratado. Al final, ofreceremos una degustaci\u00f3n de vinos italianos de la regi\u00f3n del autor en los jardines o en los salones de la Embajada, seg\u00fan la temporada.<\/p>\n<p style=\"text-align: justify;\">Con la iniciativa en cuesti\u00f3n, abierta al p\u00fablico, en particular a los amantes del \u00abBel Paese\u00bb y su extraordinaria cultura, en n\u00famero limitado de m\u00e1ximo 20 personas por evento, queremos \u00ababrir una ventana\u00bb sobre la cultura y la sociedad italiana y acercar a\u00fan m\u00e1s a Italia y El Salvador.<\/p>\n<p>El primer encuentro se centrar\u00e1 en el tema: \u00abGabriele D&#8217;Annunzio la Primera Guerra Mundial\u00bb.<\/p>\n","protected":false},"excerpt":{"rendered":"Nos complace anunciar una nueva iniciativa cultural de nuestra Embajada: \u00abSotto la Cupola: Encuentros literarios y musicales de la Embajada de Italia en San Salvador\u00bb. En los espacios renovados de la Embajada de Italia, presentaremos mensualmente un autor italiano, del cual destacaremos los aspectos menos conocidos de la obra y de la vida, con una [&hellip;]","protected":false},"author":4,"featured_media":2722,"comment_status":"closed","ping_status":"closed","sticky":false,"template":"","format":"standard","meta":{"footnotes":""},"tags":[],"class_list":["post-2708","post","type-post","status-publish","format-standard","has-post-thumbnail","hentry"],"_links":{"self":[{"href":"https:\/\/ambsansalvador.esteri.it\/es\/wp-json\/wp\/v2\/posts\/2708","targetHints":{"allow":["GET"]}}],"collection":[{"href":"https:\/\/ambsansalvador.esteri.it\/es\/wp-json\/wp\/v2\/posts"}],"about":[{"href":"https:\/\/ambsansalvador.esteri.it\/es\/wp-json\/wp\/v2\/types\/post"}],"author":[{"embeddable":true,"href":"https:\/\/ambsansalvador.esteri.it\/es\/wp-json\/wp\/v2\/users\/4"}],"replies":[{"embeddable":true,"href":"https:\/\/ambsansalvador.esteri.it\/es\/wp-json\/wp\/v2\/comments?post=2708"}],"version-history":[{"count":2,"href":"https:\/\/ambsansalvador.esteri.it\/es\/wp-json\/wp\/v2\/posts\/2708\/revisions"}],"predecessor-version":[{"id":2716,"href":"https:\/\/ambsansalvador.esteri.it\/es\/wp-json\/wp\/v2\/posts\/2708\/revisions\/2716"}],"wp:featuredmedia":[{"embeddable":true,"href":"https:\/\/ambsansalvador.esteri.it\/es\/wp-json\/wp\/v2\/media\/2722"}],"wp:attachment":[{"href":"https:\/\/ambsansalvador.esteri.it\/es\/wp-json\/wp\/v2\/media?parent=2708"}],"wp:term":[{"taxonomy":"post_tag","embeddable":true,"href":"https:\/\/ambsansalvador.esteri.it\/es\/wp-json\/wp\/v2\/tags?post=2708"}],"curies":[{"name":"wp","href":"https:\/\/api.w.org\/{rel}","templated":true}]}}