{"id":3213,"date":"2026-03-10T10:51:51","date_gmt":"2026-03-10T16:51:51","guid":{"rendered":"https:\/\/ambsansalvador.esteri.it\/?p=3213"},"modified":"2026-03-10T10:52:02","modified_gmt":"2026-03-10T16:52:02","slug":"sotto-la-cupola-encuentros-literarios-y-musicales-de-la-embajada-de-italia-en-san-salvador-2","status":"publish","type":"post","link":"https:\/\/ambsansalvador.esteri.it\/es\/news\/dall_ambasciata\/2026\/03\/sotto-la-cupola-encuentros-literarios-y-musicales-de-la-embajada-de-italia-en-san-salvador-2\/","title":{"rendered":"\u201cSOTTO LA CUPOLA\u201d: ENCUENTROS LITERARIOS Y MUSICALES DE LA EMBAJADA DE ITALIA EN SAN SALVADOR."},"content":{"rendered":"<p>\u00ab Sotto la Cupola \u00bb: entre poes\u00eda civil y arquitectura sonora, Pasolini dialoga con Bach. 12 de marzo, 17:30, Embajada de Italia en San Salvador.<\/p>\n<p>Interviene S.E. el Embajador Emanuele Rozo Sordini y el pianista salvadore\u00f1o Jos\u00e9 Eleazar Membre\u00f1o.<\/p>\n<p>Evento por invitaci\u00f3n.<\/p>\n<p><img loading=\"lazy\" decoding=\"async\" class=\"alignnone size-medium wp-image-3209 img-fluid\" src=\"https:\/\/ambsansalvador.esteri.it\/wp-content\/uploads\/2026\/03\/WhatsApp-Image-2026-03-10-at-8.07.16-AM-296x300.jpeg\" alt=\"\" width=\"296\" height=\"300\" srcset=\"https:\/\/ambsansalvador.esteri.it\/wp-content\/uploads\/2026\/03\/WhatsApp-Image-2026-03-10-at-8.07.16-AM-296x300.jpeg 296w, https:\/\/ambsansalvador.esteri.it\/wp-content\/uploads\/2026\/03\/WhatsApp-Image-2026-03-10-at-8.07.16-AM-768x779.jpeg 768w, https:\/\/ambsansalvador.esteri.it\/wp-content\/uploads\/2026\/03\/WhatsApp-Image-2026-03-10-at-8.07.16-AM.jpeg 787w\" sizes=\"auto, (max-width: 296px) 100vw, 296px\" \/> <img loading=\"lazy\" decoding=\"async\" class=\"alignnone size-medium wp-image-3221 img-fluid\" src=\"https:\/\/ambsansalvador.esteri.it\/wp-content\/uploads\/2026\/03\/Bach-218x300.jpeg\" alt=\"\" width=\"218\" height=\"300\" srcset=\"https:\/\/ambsansalvador.esteri.it\/wp-content\/uploads\/2026\/03\/Bach-218x300.jpeg 218w, https:\/\/ambsansalvador.esteri.it\/wp-content\/uploads\/2026\/03\/Bach-744x1024.jpeg 744w, https:\/\/ambsansalvador.esteri.it\/wp-content\/uploads\/2026\/03\/Bach-768x1056.jpeg 768w, https:\/\/ambsansalvador.esteri.it\/wp-content\/uploads\/2026\/03\/Bach.jpeg 828w\" sizes=\"auto, (max-width: 218px) 100vw, 218px\" \/><\/p>\n","protected":false},"excerpt":{"rendered":"\u00ab Sotto la Cupola \u00bb: entre poes\u00eda civil y arquitectura sonora, Pasolini dialoga con Bach. 12 de marzo, 17:30, Embajada de Italia en San Salvador. Interviene S.E. el Embajador Emanuele Rozo Sordini y el pianista salvadore\u00f1o Jos\u00e9 Eleazar Membre\u00f1o. Evento por invitaci\u00f3n.","protected":false},"author":4,"featured_media":3206,"comment_status":"closed","ping_status":"closed","sticky":false,"template":"","format":"standard","meta":{"footnotes":""},"tags":[],"class_list":["post-3213","post","type-post","status-publish","format-standard","has-post-thumbnail","hentry"],"_links":{"self":[{"href":"https:\/\/ambsansalvador.esteri.it\/es\/wp-json\/wp\/v2\/posts\/3213","targetHints":{"allow":["GET"]}}],"collection":[{"href":"https:\/\/ambsansalvador.esteri.it\/es\/wp-json\/wp\/v2\/posts"}],"about":[{"href":"https:\/\/ambsansalvador.esteri.it\/es\/wp-json\/wp\/v2\/types\/post"}],"author":[{"embeddable":true,"href":"https:\/\/ambsansalvador.esteri.it\/es\/wp-json\/wp\/v2\/users\/4"}],"replies":[{"embeddable":true,"href":"https:\/\/ambsansalvador.esteri.it\/es\/wp-json\/wp\/v2\/comments?post=3213"}],"version-history":[{"count":4,"href":"https:\/\/ambsansalvador.esteri.it\/es\/wp-json\/wp\/v2\/posts\/3213\/revisions"}],"predecessor-version":[{"id":3224,"href":"https:\/\/ambsansalvador.esteri.it\/es\/wp-json\/wp\/v2\/posts\/3213\/revisions\/3224"}],"wp:featuredmedia":[{"embeddable":true,"href":"https:\/\/ambsansalvador.esteri.it\/es\/wp-json\/wp\/v2\/media\/3206"}],"wp:attachment":[{"href":"https:\/\/ambsansalvador.esteri.it\/es\/wp-json\/wp\/v2\/media?parent=3213"}],"wp:term":[{"taxonomy":"post_tag","embeddable":true,"href":"https:\/\/ambsansalvador.esteri.it\/es\/wp-json\/wp\/v2\/tags?post=3213"}],"curies":[{"name":"wp","href":"https:\/\/api.w.org\/{rel}","templated":true}]}}