{"id":4267,"date":"2026-09-03T12:59:38","date_gmt":"2026-09-03T18:59:38","guid":{"rendered":"https:\/\/ambsansalvador.esteri.it\/?p=4267"},"modified":"2026-09-03T13:03:09","modified_gmt":"2026-09-03T19:03:09","slug":"cooperacion-internacional-acuerdo-entre-la-universidad-de-pavia-y-la-fundacion-mondino-para-el-proyecto-nacer-con-carino","status":"publish","type":"post","link":"https:\/\/ambsansalvador.esteri.it\/es\/news\/dall_ambasciata\/2026\/09\/cooperacion-internacional-acuerdo-entre-la-universidad-de-pavia-y-la-fundacion-mondino-para-el-proyecto-nacer-con-carino\/","title":{"rendered":"Cooperaci\u00f3n internacional: acuerdo entre la Universidad de Pav\u00eda y la Fundaci\u00f3n Mondino para el proyecto \u00abNacer con Cari\u00f1o\u00bb"},"content":{"rendered":"<p>La colaboraci\u00f3n entre la Universidad de Pav\u00eda y El Salvador en torno al proyecto \u00abNacer con Cari\u00f1o\u00bb se ha visto recientemente reforzada por un nuevo e importante avance.<\/p>\n<p>El 22 de julio de 2026, la Universidad de Pav\u00eda firm\u00f3 un nuevo acuerdo estrat\u00e9gico con la Fundaci\u00f3n Mondino IRCCS (instituto neurol\u00f3gico de Pav\u00eda) para impulsar a\u00fan m\u00e1s este programa de cooperaci\u00f3n internacional.<\/p>\n<p>Lea la noticia completa haciendo clic en el siguiente enlace: <a href=\"https:\/\/www.unipv.news\/notizie\/cooperazione-internazionale-accordo-di-partenariato-tra-universita-di-pavia-e-fondazione\">https:\/\/www.unipv.news\/notizie\/cooperazione-internazionale-accordo-di-partenariato-tra-universita-di-pavia-e-fondazione<\/a><\/p>\n","protected":false},"excerpt":{"rendered":"La colaboraci\u00f3n entre la Universidad de Pav\u00eda y El Salvador en torno al proyecto \u00abNacer con Cari\u00f1o\u00bb se ha visto recientemente reforzada por un nuevo e importante avance. El 22 de julio de 2026, la Universidad de Pav\u00eda firm\u00f3 un nuevo acuerdo estrat\u00e9gico con la Fundaci\u00f3n Mondino IRCCS (instituto neurol\u00f3gico de Pav\u00eda) para impulsar a\u00fan [&hellip;]","protected":false},"author":4,"featured_media":0,"comment_status":"closed","ping_status":"closed","sticky":false,"template":"","format":"standard","meta":{"footnotes":""},"tags":[],"class_list":["post-4267","post","type-post","status-publish","format-standard","hentry"],"_links":{"self":[{"href":"https:\/\/ambsansalvador.esteri.it\/es\/wp-json\/wp\/v2\/posts\/4267","targetHints":{"allow":["GET"]}}],"collection":[{"href":"https:\/\/ambsansalvador.esteri.it\/es\/wp-json\/wp\/v2\/posts"}],"about":[{"href":"https:\/\/ambsansalvador.esteri.it\/es\/wp-json\/wp\/v2\/types\/post"}],"author":[{"embeddable":true,"href":"https:\/\/ambsansalvador.esteri.it\/es\/wp-json\/wp\/v2\/users\/4"}],"replies":[{"embeddable":true,"href":"https:\/\/ambsansalvador.esteri.it\/es\/wp-json\/wp\/v2\/comments?post=4267"}],"version-history":[{"count":1,"href":"https:\/\/ambsansalvador.esteri.it\/es\/wp-json\/wp\/v2\/posts\/4267\/revisions"}],"predecessor-version":[{"id":4269,"href":"https:\/\/ambsansalvador.esteri.it\/es\/wp-json\/wp\/v2\/posts\/4267\/revisions\/4269"}],"wp:attachment":[{"href":"https:\/\/ambsansalvador.esteri.it\/es\/wp-json\/wp\/v2\/media?parent=4267"}],"wp:term":[{"taxonomy":"post_tag","embeddable":true,"href":"https:\/\/ambsansalvador.esteri.it\/es\/wp-json\/wp\/v2\/tags?post=4267"}],"curies":[{"name":"wp","href":"https:\/\/api.w.org\/{rel}","templated":true}]}}