{"id":646,"date":"2020-06-14T22:10:46","date_gmt":"2020-06-15T04:10:46","guid":{"rendered":"https:\/\/ambsansalvador.esteri.it\/2020\/06\/14\/concerto-in-omaggio-alla-festa-2\/"},"modified":"2020-06-14T22:10:46","modified_gmt":"2020-06-15T04:10:46","slug":"concerto-in-omaggio-alla-festa-2","status":"publish","type":"post","link":"https:\/\/ambsansalvador.esteri.it\/es\/news\/dall_ambasciata\/2020\/06\/concerto-in-omaggio-alla-festa-2\/","title":{"rendered":"Concierto en l\u00ednea en ocasi\u00f3n a la Fiesta de la M\u00fasica 21 de junio de 2020"},"content":{"rendered":"<p style=\"text-align: justify;\">\u00abLa Embajada de Italia y la Agencia Italiana para la Cooperaci\u00f3n al Desarrollo en El Salvador, en ocasi\u00f3n de la Fiesta de la M\u00fasica, que se lleva a cabo desde hace a\u00f1os en todo el mundo el 21 de junio, tienen el agrado de ofrecer en dicha ocasi\u00f3n un concierto completamente virtual de dos renombrados profesionales del jazz: Javier Girotto y Vince Abbracciante.<\/p>\n<p style=\"text-align: justify;\">En el evento, que ser\u00e1 transmitido el domingo 21 de junio a partir de las 20:00 horas por medio de las redes sociales Facebook y Twitter, se podr\u00e1 acceder libremente utilizando cualquier dispositivo digital por medio de los siguientes links:<\/p>\n<p><a href=\"https:\/\/twitter.com\/italyinsalvador\">https:\/\/twitter.com\/italyinsalvador<\/a><\/p>\n<p><a href=\"https:\/\/twitter.com\/AICSSanSalvador\">https:\/\/twitter.com\/AICSSanSalvador<\/a><\/p>\n<p><a href=\"https:\/\/www.facebook.com\/cooperazioneitalianaelsalvador\/\">https:\/\/www.facebook.com\/cooperazioneitalianaelsalvador\/<\/a><\/p>\n<p style=\"text-align: justify;\">A\u00fan en este per\u00edodo tan dif\u00edcil, la m\u00fasica de hecho no se detiene! No obstante la situaci\u00f3n, todo continua en varias formas a entrar en los hogares de las personas de todo el mundo uni\u00e9ndolas\u00bb<\/p>\n<p>\u00a0<\/p>\n<p><img decoding=\"async\" src=\"resource\/img\/2020\/06\/sito_ambasciata.png\" alt=\"sito ambasciata\" \/><\/p>\n","protected":false},"excerpt":{"rendered":"\u00abLa Embajada de Italia y la Agencia Italiana para la Cooperaci\u00f3n al Desarrollo en El Salvador, en ocasi\u00f3n de la Fiesta de la M\u00fasica, que se lleva a cabo desde hace a\u00f1os en todo el mundo el 21 de junio, tienen el agrado de ofrecer en dicha ocasi\u00f3n un concierto completamente virtual de dos renombrados [&hellip;]","protected":false},"author":1,"featured_media":0,"comment_status":"closed","ping_status":"open","sticky":false,"template":"","format":"standard","meta":{"footnotes":""},"tags":[],"class_list":["post-646","post","type-post","status-publish","format-standard","hentry"],"_links":{"self":[{"href":"https:\/\/ambsansalvador.esteri.it\/es\/wp-json\/wp\/v2\/posts\/646","targetHints":{"allow":["GET"]}}],"collection":[{"href":"https:\/\/ambsansalvador.esteri.it\/es\/wp-json\/wp\/v2\/posts"}],"about":[{"href":"https:\/\/ambsansalvador.esteri.it\/es\/wp-json\/wp\/v2\/types\/post"}],"author":[{"embeddable":true,"href":"https:\/\/ambsansalvador.esteri.it\/es\/wp-json\/wp\/v2\/users\/1"}],"replies":[{"embeddable":true,"href":"https:\/\/ambsansalvador.esteri.it\/es\/wp-json\/wp\/v2\/comments?post=646"}],"version-history":[{"count":0,"href":"https:\/\/ambsansalvador.esteri.it\/es\/wp-json\/wp\/v2\/posts\/646\/revisions"}],"wp:attachment":[{"href":"https:\/\/ambsansalvador.esteri.it\/es\/wp-json\/wp\/v2\/media?parent=646"}],"wp:term":[{"taxonomy":"post_tag","embeddable":true,"href":"https:\/\/ambsansalvador.esteri.it\/es\/wp-json\/wp\/v2\/tags?post=646"}],"curies":[{"name":"wp","href":"https:\/\/api.w.org\/{rel}","templated":true}]}}