{"id":652,"date":"2020-06-01T07:00:55","date_gmt":"2020-06-01T13:00:55","guid":{"rendered":"https:\/\/ambsansalvador.esteri.it\/2020\/06\/01\/messaggio-dell-ambasciatore-malnati-2\/"},"modified":"2020-06-01T07:00:55","modified_gmt":"2020-06-01T13:00:55","slug":"messaggio-dell-ambasciatore-malnati-2","status":"publish","type":"post","link":"https:\/\/ambsansalvador.esteri.it\/es\/news\/dall_ambasciata\/2020\/06\/messaggio-dell-ambasciatore-malnati-2\/","title":{"rendered":"Messaggio dell&#8217; Ambasciatore Malnati in occasione della Festa della Repubblica"},"content":{"rendered":"<p>Estimados compatriotas,<\/p>\n<p style=\"text-align: justify;\">como cada a\u00f1o Italia celebra la fundaci\u00f3n de la Rep\u00fablica, nuestra Fiesta Nacional, que tuvo lugar el 2 de junio de 1946. Es este el momento s\u00edmbolo del reencuentro con la libertad y la democracia, del llamado a los principios m\u00e1s virtuosos del sentimiento nacional que une a todos los italianos, en el suelo de la pen\u00ednsula y en el exterior.<\/p>\n<p style=\"text-align: justify;\">Lamentablemente este a\u00f1o vivimos tiempos dram\u00e1ticamente marcados por las calamidades naturales. La pandemia de COVID 19, desatada desde febrero, ha cobrado v\u00edctimas en todo el mundo. Propio en estas \u00faltimas horas se ha agregado en El Salvador una desastrosa inundaci\u00f3n causada por la tempestad \u201cAmanda\u201d. Yo, junto a todos los componentes de la Embajada de Italia y de la Agencia Italiana de Cooperaci\u00f3n al Desarrollo, deseamos primero expresar toda nuestra profunda, sentida condolencia por las v\u00edctimas y toda nuestra solidaridad.<\/p>\n<p style=\"text-align: justify;\">En Italia hemos logrado superar la primera fase de la acci\u00f3n de lucha al virus con medidas in\u00e9ditas de cuarentena y distanciamiento social. Tambi\u00e9n en El Salvador las disposiciones vigentes est\u00e1n sustancialmente en l\u00ednea con aquellas adoptadas en Italia. Los tradicionales eventos p\u00fablicos de celebraci\u00f3n de la Fiesta Nacional, sea en Italia como en las Embajadas en el Exterior, no se han podido organizar.<\/p>\n<p style=\"text-align: justify;\">Dirijo por lo tanto mi vivo saludo por medio de internet a todos los m\u00e1s de tres mil ciudadanos italianos que residen, muchos desde hace generaciones, en este espl\u00e9ndido Pa\u00eds, contribuyendo con eficacia y amor a su crecimiento.<\/p>\n<p style=\"text-align: justify;\">Durante este \u00faltimo a\u00f1o, Italia y El Salvador han logrado nuevos virtuosos \u00e9xitos fortaleciendo las relaciones bilaterales, m\u00e1s que todo con el adelanto, el pasado mes de julio, inmediatamente despu\u00e9s de la toma de posesi\u00f3n del nuevo Gobierno del Presidente de la Rep\u00fablica Nayib Bukele, de la primera reuni\u00f3n en San Salvador del Mecanismo de Consultaciones Pol\u00edticas entre la Delegaci\u00f3n italiana dirigida por el Senador Ricardo Merlo y aquella salvadore\u00f1a dirigida por la Ministra Alexandra Hill.<\/p>\n<p style=\"text-align: justify;\">Es esto el alcance l\u00f3gico de una historia de constantes y virtuosas relaciones, estructuradas por mutuas contribuciones migratorias para el crecimiento de nuestros dos Pa\u00edses, de colaboraciones de solidaridad para el desarrollo y de beneficiosos tratos en el plan pol\u00edtico basados en compartidas visiones de los principios de fondo sobre los cuales deben mantenerse las relaciones internacionales.<\/p>\n<p style=\"text-align: justify;\">La visita del Senador Merlo ha sido un momento importante tambi\u00e9n en nuestras relaciones con toda la regi\u00f3n centro americana. Los coloquios Merlo\/Cerezo y la contextual firma de la fundaci\u00f3n del Foro Italia SICA han puesto las bases para ulteriores fortalecidas colaboraciones con el SICA y testimonio de nuestra constante confianza en la eficacia de los procesos de integraci\u00f3n regional para la adquisici\u00f3n de los objetivos de paz, crecimiento econ\u00f3mico y prosperidad de las poblaciones.<\/p>\n<p style=\"text-align: justify;\">Tambi\u00e9n en el plano de la colaboraci\u00f3n de asistencia t\u00e9cnica en importantes sectores para el desarrollo de El Salvador hemos logrado producir importantes resultados con la ejecuci\u00f3n del \u201cprograma trienal de cooperaci\u00f3n 2018 2020\u201d. Me refiero en particular al proyecto de apoyo a la reactivaci\u00f3n de la cultura del caf\u00e9, a aquel del sector del ambiente dirigido a la restructuraci\u00f3n de edificios en el centro hist\u00f3rico de San Salvador y a aquel del sector de la justicia juvenil.<\/p>\n<p style=\"text-align: justify;\">La dram\u00e1tica e in\u00e9dita crisis sanitaria global que nos ha afectado ha instaurado una intensa discusi\u00f3n dirigida a la posible reorientaci\u00f3n de las actividades que tenga en adecuada consideraci\u00f3n el objetivo de promover estructuras y capacidades t\u00e9cnicas id\u00f3neas para afrontar estas emergencias.<\/p>\n<p style=\"text-align: justify;\">Estos resultados constituyen nuevas piezas destinadas a ofrecer oportunidades, instrumentos, ideas para iniciativas de crecimiento com\u00fan en el inter\u00e9s de nuestras poblaciones. Ponderan el desarrollo de nuevas sinergias sobre bases s\u00f3lidas, estructuradas, adecuadas a la realidad del continuo y virtuoso intercambio de experiencias pol\u00edticas, econ\u00f3micas y sociales que ha caracterizado la historia de nuestras relaciones bilaterales del siglo pasado.<\/p>\n<p style=\"text-align: justify;\">Italia mantiene su compromiso con El Salvador tambi\u00e9n en el marco de la Uni\u00f3n Europea, una experiencia de la cual somos fundadores y que estamos ulteriormente fortaleciendo en colaboraci\u00f3n con nuestros Partners. Su funci\u00f3n en el marco de la cooperaci\u00f3n al desarrollo, en las relaciones pol\u00edticas, econ\u00f3micas y comerciales no solo en este Pa\u00eds sino tambi\u00e9n en el marco del Sistema de Integraci\u00f3n Centro Americana y de primer plano y en decidido crecimiento.<\/p>\n<p style=\"text-align: justify;\">Queridos Amigos, queridos compatriotas,<\/p>\n<p style=\"text-align: justify;\">estoy convencido que la acci\u00f3n que hemos iniciado en pleno acuerdo con el Gobierno de El Salvador, ha hecho avanzar y fortalecer hasta conseguir los resultados mencionados deba encontrar no solo ulteriores confirmaciones y realizaciones en el pr\u00f3ximo futuro, sino tambi\u00e9n nuevas ocasiones para fomentar est\u00edmulos e intereses para aumentar el intercambio comercial, las inversiones rec\u00edprocas y una ulterior profundizaci\u00f3n de las relaciones culturales, humanas y sociales.<\/p>\n<p style=\"text-align: justify;\">Quisiera aprovechar esta ocasi\u00f3n para dirigir un sentido agradecimiento a la Sociedad Dante Alighieri y a la Asociaci\u00f3n Assistenza Italiana por su constante compromiso en la actividad de promoci\u00f3n del idioma y de la cultura italianas en este Pa\u00eds por medio de los cursos de italiano que imparten. Deseo vivamente que esta emergencia sanitaria pueda terminar r\u00e1pidamente y permitir la recuperaci\u00f3n de las actividades en su totalidad y estabilidad de parte de todos junto con la Embajada y la Agencia Italiana de cooperaci\u00f3n al Desarrollo.<\/p>\n<p style=\"text-align: justify;\">Deseo por \u00faltimo concluir expresando al Gobierno y al Pueblo salvadore\u00f1os mis m\u00e1s sinceros y fervientes deseos de pleno \u00e9xito en estos extraordinarios retos que iniciaron imprevisiblemente con un virus desconocido y por la tempestad tropical. Que puedan adoptar con eficacia y visionaria determinaci\u00f3n la acci\u00f3n dirigida a consolidar serenidad pol\u00edtica, promover nuevo y vigoroso desarrollo econ\u00f3mico, en armon\u00eda social y solidaridad. Italia no faltar\u00e1 en ofrecer su apoyo.<\/p>\n<p style=\"text-align: justify;\">Invito a todos a ver el mensaje del Se\u00f1or Presidente de la Rep\u00fablica Italiana, Sergio Mattarella, en ocasi\u00f3n de la Fiesta de la Rep\u00fablica por medio del link en la p\u00e1gina del Quirinale.<\/p>\n<p>Umberto Malnati<\/p>\n<p>Embajador de Italia<\/p>\n","protected":false},"excerpt":{"rendered":"Estimados compatriotas, como cada a\u00f1o Italia celebra la fundaci\u00f3n de la Rep\u00fablica, nuestra Fiesta Nacional, que tuvo lugar el 2 de junio de 1946. Es este el momento s\u00edmbolo del reencuentro con la libertad y la democracia, del llamado a los principios m\u00e1s virtuosos del sentimiento nacional que une a todos los italianos, en el [&hellip;]","protected":false},"author":1,"featured_media":0,"comment_status":"closed","ping_status":"open","sticky":false,"template":"","format":"standard","meta":{"footnotes":""},"tags":[],"class_list":["post-652","post","type-post","status-publish","format-standard","hentry"],"_links":{"self":[{"href":"https:\/\/ambsansalvador.esteri.it\/es\/wp-json\/wp\/v2\/posts\/652","targetHints":{"allow":["GET"]}}],"collection":[{"href":"https:\/\/ambsansalvador.esteri.it\/es\/wp-json\/wp\/v2\/posts"}],"about":[{"href":"https:\/\/ambsansalvador.esteri.it\/es\/wp-json\/wp\/v2\/types\/post"}],"author":[{"embeddable":true,"href":"https:\/\/ambsansalvador.esteri.it\/es\/wp-json\/wp\/v2\/users\/1"}],"replies":[{"embeddable":true,"href":"https:\/\/ambsansalvador.esteri.it\/es\/wp-json\/wp\/v2\/comments?post=652"}],"version-history":[{"count":0,"href":"https:\/\/ambsansalvador.esteri.it\/es\/wp-json\/wp\/v2\/posts\/652\/revisions"}],"wp:attachment":[{"href":"https:\/\/ambsansalvador.esteri.it\/es\/wp-json\/wp\/v2\/media?parent=652"}],"wp:term":[{"taxonomy":"post_tag","embeddable":true,"href":"https:\/\/ambsansalvador.esteri.it\/es\/wp-json\/wp\/v2\/tags?post=652"}],"curies":[{"name":"wp","href":"https:\/\/api.w.org\/{rel}","templated":true}]}}