{"id":662,"date":"2020-01-17T15:20:22","date_gmt":"2020-01-17T21:20:22","guid":{"rendered":"https:\/\/ambsansalvador.esteri.it\/2020\/01\/17\/open-call-photo-iila-xii-edizione-2\/"},"modified":"2020-01-17T15:20:22","modified_gmt":"2020-01-17T21:20:22","slug":"open-call-photo-iila-xii-edizione-2","status":"publish","type":"post","link":"https:\/\/ambsansalvador.esteri.it\/es\/news\/dall_ambasciata\/2020\/01\/open-call-photo-iila-xii-edizione-2\/","title":{"rendered":"Convocatoria abierta PHOTO IILA XII edici\u00f3n Premio IILA-FOOGRAFIA \u00abSomos lo que comemos\u00bb Fecha l\u00edmite para la presentaci\u00f3n de trabajos: 2 de marzo de 2020"},"content":{"rendered":"<p><a href=\"resource\/doc\/2020\/01\/esp_convocatoria_xii_photo_iila_2020.doc\">DESCARGA CONVOCATORIA.<\/a><\/p>\n<p>\u201cEl hombre es lo que come\u201d<br \/>Ludwig Feuerbach, El secreto del sacrificio o el hombre es lo que come, 1862<br \/>IILA &#8211; Organizaci\u00f3n internacional \u00edtalo-latino americana lanza la d\u00e9cimo segunda edici\u00f3n de PHOTO IILA, premio dirigido a fot\u00f3grafos emergentes latinoamericanos hasta los 35 a\u00f1os de edad.<\/p>\n<p>Los fot\u00f3grafos que se postulen a la selecci\u00f3n de este a\u00f1o, deben enviar a premioiilafotografia@gmail.com un proyecto sobre el tema \u201cSomos lo que comemos\u201d.<br \/>La tem\u00e1tica se inspira en uno de los 17 Objetivos de Desarrollo Sostenible de la Agenda 2030 de las Naciones Unidas, es decir el n\u00famero 2, que se propone de \u201cponer fin al hambre, lograr la seguridad alimentaria y la mejora de la nutrici\u00f3n y promover la agricultura sostenible\u201d. IILA, en calidad de Observador ONU, trata estas tem\u00e1ticas en sus actividades.<br \/>La consecuci\u00f3n del objetivo \u201cHambre Cero\u201d se basa en el respecto por la comida, por quien la produce, por los lugares de donde procede, por su distribuci\u00f3n, por aquellos que no tienen, todos principios que tienen que transmitirse a las generaciones futuras para garantizar el derecho a la alimentaci\u00f3n.<br \/>Con estas premisas y conscientes del hecho de que los alimentos contribuyan a nuestro bienestar, tanto f\u00edsico como mental, se invita a los candidatos a desarrollar un proyecto fotogr\u00e1fico en torno a los siguientes conceptos: la importancia de los alimentos; la comida como nutrimento, como expresi\u00f3n de una identidad cultural (sus v\u00ednculos con la sociedad, la cultura, el Patrimonio Intangible, el idioma); los procesos de producci\u00f3n de alimentos; la soberan\u00eda alimentaria; el derecho a alimentos de calidad; el power food y nuevos fen\u00f3menos extractivistas, etc.<\/p>\n<p>M\u00e1s informaci\u00f3n acerca del tema se encuentra en la p\u00e1gina web de la ONU:<br \/>https:\/\/www.un.org\/sustainabledevelopment\/es\/hunger\/<\/p>\n<p>Para la participaci\u00f3n en PHOTO IILA se aceptan ensayos fotogr\u00e1ficos, de m\u00ednimo 5 y m\u00e1ximo 10 im\u00e1genes, que contemplen la tem\u00e1tica propuesta desde un punto de vista art\u00edstico y con s\u00f3lida calidad est\u00e9tica; no se aceptan trabajos que hayan sido encargados por campa\u00f1as publicitarias o sociales, p\u00fablicas o privadas.<\/p>\n<p>Entre los trabajos presentados, se seleccionar\u00e1n un ganador y cinco finalistas que expondr\u00e1n en Roma durante el a\u00f1o 2020. Al ganador se le ofrecer\u00e1 una estancia de un mes, durante la cual desarrollar\u00e1 un proyecto fotogr\u00e1fico que tendr\u00e1 como objeto la ciudad de Roma. Al final de su estancia, el ganador dar\u00e1 una conferencia p\u00fablica sobre el proceso creativo y la realizaci\u00f3n del cuerpo de trabajo en la ciudad. El proyecto se presentar\u00e1 en el marco de la siguiente edici\u00f3n del Premio.<\/p>\n<p>La convocatoria, que vence el 2 de marzo de 2020, es consultable en la p\u00e1gina web del IILA www.iila.org<\/p>\n<p>Para m\u00e1s informaci\u00f3n:<br \/>Secretar\u00eda Cultural IILA | Tfn. +39 06 68492. 225\/246 | www.iila.org | s.culturale@iila.org<\/p>\n","protected":false},"excerpt":{"rendered":"DESCARGA CONVOCATORIA. \u201cEl hombre es lo que come\u201dLudwig Feuerbach, El secreto del sacrificio o el hombre es lo que come, 1862IILA &#8211; Organizaci\u00f3n internacional \u00edtalo-latino americana lanza la d\u00e9cimo segunda edici\u00f3n de PHOTO IILA, premio dirigido a fot\u00f3grafos emergentes latinoamericanos hasta los 35 a\u00f1os de edad. Los fot\u00f3grafos que se postulen a la selecci\u00f3n de [&hellip;]","protected":false},"author":1,"featured_media":0,"comment_status":"closed","ping_status":"open","sticky":false,"template":"","format":"standard","meta":{"footnotes":""},"tags":[],"class_list":["post-662","post","type-post","status-publish","format-standard","hentry"],"_links":{"self":[{"href":"https:\/\/ambsansalvador.esteri.it\/es\/wp-json\/wp\/v2\/posts\/662","targetHints":{"allow":["GET"]}}],"collection":[{"href":"https:\/\/ambsansalvador.esteri.it\/es\/wp-json\/wp\/v2\/posts"}],"about":[{"href":"https:\/\/ambsansalvador.esteri.it\/es\/wp-json\/wp\/v2\/types\/post"}],"author":[{"embeddable":true,"href":"https:\/\/ambsansalvador.esteri.it\/es\/wp-json\/wp\/v2\/users\/1"}],"replies":[{"embeddable":true,"href":"https:\/\/ambsansalvador.esteri.it\/es\/wp-json\/wp\/v2\/comments?post=662"}],"version-history":[{"count":0,"href":"https:\/\/ambsansalvador.esteri.it\/es\/wp-json\/wp\/v2\/posts\/662\/revisions"}],"wp:attachment":[{"href":"https:\/\/ambsansalvador.esteri.it\/es\/wp-json\/wp\/v2\/media?parent=662"}],"wp:term":[{"taxonomy":"post_tag","embeddable":true,"href":"https:\/\/ambsansalvador.esteri.it\/es\/wp-json\/wp\/v2\/tags?post=662"}],"curies":[{"name":"wp","href":"https:\/\/api.w.org\/{rel}","templated":true}]}}