{"id":665,"date":"2019-10-11T20:40:08","date_gmt":"2019-10-12T02:40:08","guid":{"rendered":"https:\/\/ambsansalvador.esteri.it\/2019\/10\/11\/settimana-della-lingua-italiana-2\/"},"modified":"2019-10-11T20:40:08","modified_gmt":"2019-10-12T02:40:08","slug":"settimana-della-lingua-italiana-2","status":"publish","type":"post","link":"https:\/\/ambsansalvador.esteri.it\/es\/news\/dall_ambasciata\/2019\/10\/settimana-della-lingua-italiana-2\/","title":{"rendered":"XIX edici\u00f3n de la Semana del Idioma italiano en el Mundo."},"content":{"rendered":"<p>\u201c L\u2019italiano sul palcoscenico\/el italiano en le escenario\u201d<\/p>\n<p>San Salvador, 22 \u2013 29 de octubre 2019<\/p>\n<p>Nuevamente este a\u00f1o, la Embajada de Italia en El Salvador celebra la Semana del Idioma Italiano en el Mundo.<\/p>\n<p>Para la edici\u00f3n 2019 se ha escogido el t\u00edtulo: \u201cEl Italiano en el Escenario\u201d que nos ha dado la pauta para organizar, durante el per\u00edodo del 22 al 29 de octubre, eventos de teatro, m\u00fasica y conferencia.<\/p>\n<p>Todas\/os las amigas\/os del idioma como de la cultura italiana est\u00e1n cordialmente invitados.<\/p>\n<p>Adem\u00e1s, para esta XIX Edici\u00f3n contamos tambi\u00e9n con la Embajada de Suiza en Costa Rica que ha querido contribuir presentando el concierto de canto SWISS MISS, organizado por el Consulado General de Suiza en El Salvador y con nuestra colaboraci\u00f3n.<\/p>\n<p>Adjuntamos toda la informaci\u00f3n para que asistan, agradeciendo de antemano sus confirmaciones, ya que las entradas son gratuitas y los cupos limitados.<\/p>\n<p>Esperamos contar con vuestra numerosa participaci\u00f3n.<\/p>\n<p><img decoding=\"async\" src=\"resource\/img\/2019\/10\/12019_poster_ultimo_word.jpg\" alt=\"12019 poster ultimo word\" \/><\/p>\n<p>\u00a0<img decoding=\"async\" src=\"resource\/img\/2019\/10\/concierto_swiss_miss_el_salvador_25_octubre_004.jpg\" alt=\"concierto swiss miss el salvador 25 octubre 004\" \/><\/p>\n<p>\u00a0<\/p>\n<p>\u00a0<\/p>\n<p>\u00a0<\/p>\n<p>\u00a0<\/p>\n<p>\u00a0<\/p>\n<p>\u00a0<\/p>\n","protected":false},"excerpt":{"rendered":"\u201c L\u2019italiano sul palcoscenico\/el italiano en le escenario\u201d San Salvador, 22 \u2013 29 de octubre 2019 Nuevamente este a\u00f1o, la Embajada de Italia en El Salvador celebra la Semana del Idioma Italiano en el Mundo. Para la edici\u00f3n 2019 se ha escogido el t\u00edtulo: \u201cEl Italiano en el Escenario\u201d que nos ha dado la pauta [&hellip;]","protected":false},"author":1,"featured_media":0,"comment_status":"closed","ping_status":"open","sticky":false,"template":"","format":"standard","meta":{"footnotes":""},"tags":[],"class_list":["post-665","post","type-post","status-publish","format-standard","hentry"],"_links":{"self":[{"href":"https:\/\/ambsansalvador.esteri.it\/es\/wp-json\/wp\/v2\/posts\/665","targetHints":{"allow":["GET"]}}],"collection":[{"href":"https:\/\/ambsansalvador.esteri.it\/es\/wp-json\/wp\/v2\/posts"}],"about":[{"href":"https:\/\/ambsansalvador.esteri.it\/es\/wp-json\/wp\/v2\/types\/post"}],"author":[{"embeddable":true,"href":"https:\/\/ambsansalvador.esteri.it\/es\/wp-json\/wp\/v2\/users\/1"}],"replies":[{"embeddable":true,"href":"https:\/\/ambsansalvador.esteri.it\/es\/wp-json\/wp\/v2\/comments?post=665"}],"version-history":[{"count":0,"href":"https:\/\/ambsansalvador.esteri.it\/es\/wp-json\/wp\/v2\/posts\/665\/revisions"}],"wp:attachment":[{"href":"https:\/\/ambsansalvador.esteri.it\/es\/wp-json\/wp\/v2\/media?parent=665"}],"wp:term":[{"taxonomy":"post_tag","embeddable":true,"href":"https:\/\/ambsansalvador.esteri.it\/es\/wp-json\/wp\/v2\/tags?post=665"}],"curies":[{"name":"wp","href":"https:\/\/api.w.org\/{rel}","templated":true}]}}