{"id":677,"date":"2018-12-14T19:41:34","date_gmt":"2018-12-15T01:41:34","guid":{"rendered":"https:\/\/ambsansalvador.esteri.it\/2018\/12\/14\/giornata-internazionale-per-l-eliminazione-2\/"},"modified":"2018-12-14T19:41:34","modified_gmt":"2018-12-15T01:41:34","slug":"giornata-internazionale-per-l-eliminazione-2","status":"publish","type":"post","link":"https:\/\/ambsansalvador.esteri.it\/es\/news\/dall_ambasciata\/2018\/12\/giornata-internazionale-per-l-eliminazione-2\/","title":{"rendered":"DIA INTERNACIONAL PARA LA ELIMINACI\u00d3N DE LA VIOLENCIA CONTRA LAS MUJERES"},"content":{"rendered":"<p>25 de noviembre. Dia internacional para la eliminaci\u00f3n de la violencia contra las mujeres.<\/p>\n<p>En ocasi\u00f3n del D\u00eda Internacional para la eliminaci\u00f3n de la violencia contra las mujeres, Italia confirma su propio convencido compromiso para la promoci\u00f3n de la igualdad de g\u00e9nero y para la lucha contra cualquier forma de discriminaci\u00f3n y violencia contra las mujeres, entre los temas prioritarios considerando adem\u00e1s el mandato trienal en el Consejo de Derechos Humanos de las Naciones Unidas que iniciar\u00e1 el 1\u00b0 de enero de 2019.<\/p>\n<p>Como todos los a\u00f1os, la Farnesina se une a la campa\u00f1a de sensibilizaci\u00f3n UN Women del t\u00edtulo \u201cOrange the World\u201d que en las redes sociales aparecer\u00e1 con el \u201chashtag\u201d #HearMeToo, para llamar la atenci\u00f3n sobre los testimonios de las activistas y sobre sus historias con la finalidad de prevenir cualquier forma de violencia contra las mujeres.<\/p>\n<p>Como en a\u00f1os anteriores, el color naranja ser\u00e1 el cable conductor que unir\u00e1 las iniciativas y los eventos realizados en el marco de la campa\u00f1a. Por primera vez entonces, tambi\u00e9n el Palacio de la Farnesina se iluminar\u00e1 de naranja la noche del domingo 25 de noviembre.<\/p>\n<p>La red diplom\u00e1tico \u2013 consular italiana al completo distribuir\u00e1 la iniciativa \u201cOrange the world\u201d, en sus p\u00e1ginas web y en redes sociales, durante el per\u00edodo que inicia el 25 de noviembre y que terminar\u00e1 el 10 de diciembre, Dia Internacional de los Derechos Humanos.<\/p>\n<p>Italia est\u00e1 activamente comprometida en la promoci\u00f3n de la igualdad de g\u00e9nero y de los derechos de las mujeres, ya sea en \u00e1mbito diplom\u00e1tico que de la cooperaci\u00f3n al desarrollo. En d\u00edas pasados, tambi\u00e9n con la contribuci\u00f3n activa de Italia, la Tercera Comisi\u00f3n de la Asamblea General de las Naciones Unidas (competente para los derechos humanos, las cuestiones sociales y humanitarias) ha adoptado importantes resoluciones sobre los derechos de las mujeres y, en particular, sobre la lucha contra la violencia hacia ellas.<\/p>\n<p>La promoci\u00f3n de la igualdad de g\u00e9nero y del empowerment de las mujeres contin\u00faa siendo una prioridad colateral de todos los proyectos de cooperaci\u00f3n, agreg\u00e1ndose a las iniciativas espec\u00edficas dedicadas a las mujeres, j\u00f3venes y menores de edad, en l\u00ednea con el objetivo de desarrollo sostenible SDG 5 de la Agenda 2030. Este a\u00f1o Italia ha adem\u00e1s incrementado la colaboraci\u00f3n con las Agencias de las Naciones Unidas que se encargan de las cuestiones de g\u00e9nero, primeras entre todas UN Women y UNFPA.<\/p>\n<p>Tambi\u00e9n en el \u00e1mbito del \u201cPlan estrat\u00e9gico nacional sobre la violencia masculina hacia las mujeres 2017-2020\u201d, aprobado el pasado noviembre en l\u00ednea con la as\u00ed llamada \u201cConvenci\u00f3n de Estambul\u201d (Convenci\u00f3n del Consejo de Europa sobre la prevenci\u00f3n y la lucha a la violencia contra las mujeres y la violencia dom\u00e9stica), Italia se ha comprometido en proyectos de empowerment femenino y en programas para la lucha contra cualquier forma de violencia contra las mujeres y las ni\u00f1as, en particular respeto a pr\u00e1cticas inaceptables como las mutilaciones genitales femeninas y los matrimonios precoces y forzados.<\/p>\n<p>Italia apoya adem\u00e1s las iniciativas internacionales para la prevenci\u00f3n de la violencia sexual y de g\u00e9nero en las situaciones de conflicto y de emergencia, entre las cuales la \u201cCall to Action on Protection from Gender-Based Violence in Emergencies\u201d. Nuestro Pa\u00eds est\u00e1 comprometido desde hace tiempo tambi\u00e9n en la promoci\u00f3n de una pol\u00edtica de tolerancia cero contra los abusos y la explotaci\u00f3n sexual cometidos por el personal militar y civil comprometido en las misiones de paz de la ONU.<\/p>\n<p>Fundamental, adem\u00e1s, la promoci\u00f3n de la labor de las mujeres en los procesos de mediaci\u00f3n y prevenci\u00f3n de los conflictos, sobre los cuales Italia est\u00e1 en primera fila, en particular con el Network de las Mujeres Intermediarias del Mediterr\u00e1neo.<\/p>\n<p>Italia est\u00e1 adem\u00e1s entre los Pa\u00edses mayormente comprometidos en la prevenci\u00f3n y en la lucha contra la explotaci\u00f3n, a los abusos y a las molestias sexuales en el sector de la Ayuda Humanitaria, como indicado en la declaraci\u00f3n ministerial G7 de Whistler, en el \u201cCircle of Leadership\u201d del Secretario General de las Naciones Unidas y uni\u00e9ndose a los compromisos anunciados en ocasi\u00f3n del \u201cSafeguarding Summit\u201d de Londres del 18 de octubre.<\/p>\n<p><img decoding=\"async\" src=\"resource\/img\/2018\/12\/mae_visualizza_filejpg.jpg\" alt=\"mae visualizza filejpg\" \/><\/p>\n","protected":false},"excerpt":{"rendered":"25 de noviembre. Dia internacional para la eliminaci\u00f3n de la violencia contra las mujeres. En ocasi\u00f3n del D\u00eda Internacional para la eliminaci\u00f3n de la violencia contra las mujeres, Italia confirma su propio convencido compromiso para la promoci\u00f3n de la igualdad de g\u00e9nero y para la lucha contra cualquier forma de discriminaci\u00f3n y violencia contra las [&hellip;]","protected":false},"author":1,"featured_media":0,"comment_status":"closed","ping_status":"open","sticky":false,"template":"","format":"standard","meta":{"footnotes":""},"tags":[],"class_list":["post-677","post","type-post","status-publish","format-standard","hentry"],"_links":{"self":[{"href":"https:\/\/ambsansalvador.esteri.it\/es\/wp-json\/wp\/v2\/posts\/677","targetHints":{"allow":["GET"]}}],"collection":[{"href":"https:\/\/ambsansalvador.esteri.it\/es\/wp-json\/wp\/v2\/posts"}],"about":[{"href":"https:\/\/ambsansalvador.esteri.it\/es\/wp-json\/wp\/v2\/types\/post"}],"author":[{"embeddable":true,"href":"https:\/\/ambsansalvador.esteri.it\/es\/wp-json\/wp\/v2\/users\/1"}],"replies":[{"embeddable":true,"href":"https:\/\/ambsansalvador.esteri.it\/es\/wp-json\/wp\/v2\/comments?post=677"}],"version-history":[{"count":0,"href":"https:\/\/ambsansalvador.esteri.it\/es\/wp-json\/wp\/v2\/posts\/677\/revisions"}],"wp:attachment":[{"href":"https:\/\/ambsansalvador.esteri.it\/es\/wp-json\/wp\/v2\/media?parent=677"}],"wp:term":[{"taxonomy":"post_tag","embeddable":true,"href":"https:\/\/ambsansalvador.esteri.it\/es\/wp-json\/wp\/v2\/tags?post=677"}],"curies":[{"name":"wp","href":"https:\/\/api.w.org\/{rel}","templated":true}]}}