{"id":811,"date":"2023-12-14T13:05:35","date_gmt":"2023-12-14T19:05:35","guid":{"rendered":"https:\/\/ambsansalvador.esteri.it\/?p=811"},"modified":"2023-12-14T13:07:48","modified_gmt":"2023-12-14T19:07:48","slug":"nueva-convocatoria-de-la-universidad-de-brescia","status":"publish","type":"post","link":"https:\/\/ambsansalvador.esteri.it\/es\/news\/dall_ambasciata\/2023\/12\/nueva-convocatoria-de-la-universidad-de-brescia\/","title":{"rendered":"Nueva convocatoria de la Universidad de Brescia"},"content":{"rendered":"<p>La Universidad de Brescia presenta la nueva convocatoria STAR + LMINT para el a\u00f1o acad\u00e9mico 2024\/2025 para la concesi\u00f3n de n. 20 becas para quienes hayan obtenido sus t\u00edtulos en pa\u00edses no pertenecientes a la Uni\u00f3n Europea.<\/p>\n<p>Se adjunta la convocatoria. Para presentar la solicitud, haga clic en el siguiente enlace: <a href=\"https:\/\/www.unibs.it\/it\/ateneo\/lavora-con-noi\/bandi-e-gare\/borse-di-studio-studenti-extra-ue-star-lmint-aa-20242025\">portal de la universidad<\/a>.<\/p>\n<p>&nbsp;<\/p>\n","protected":false},"excerpt":{"rendered":"La Universidad de Brescia presenta la nueva convocatoria STAR + LMINT para el a\u00f1o acad\u00e9mico 2024\/2025 para la concesi\u00f3n de n. 20 becas para quienes hayan obtenido sus t\u00edtulos en pa\u00edses no pertenecientes a la Uni\u00f3n Europea. Se adjunta la convocatoria. Para presentar la solicitud, haga clic en el siguiente enlace: portal de la universidad. [&hellip;]","protected":false},"author":2,"featured_media":0,"comment_status":"closed","ping_status":"closed","sticky":false,"template":"","format":"standard","meta":{"footnotes":""},"tags":[],"class_list":["post-811","post","type-post","status-publish","format-standard","hentry"],"_links":{"self":[{"href":"https:\/\/ambsansalvador.esteri.it\/es\/wp-json\/wp\/v2\/posts\/811","targetHints":{"allow":["GET"]}}],"collection":[{"href":"https:\/\/ambsansalvador.esteri.it\/es\/wp-json\/wp\/v2\/posts"}],"about":[{"href":"https:\/\/ambsansalvador.esteri.it\/es\/wp-json\/wp\/v2\/types\/post"}],"author":[{"embeddable":true,"href":"https:\/\/ambsansalvador.esteri.it\/es\/wp-json\/wp\/v2\/users\/2"}],"replies":[{"embeddable":true,"href":"https:\/\/ambsansalvador.esteri.it\/es\/wp-json\/wp\/v2\/comments?post=811"}],"version-history":[{"count":1,"href":"https:\/\/ambsansalvador.esteri.it\/es\/wp-json\/wp\/v2\/posts\/811\/revisions"}],"predecessor-version":[{"id":812,"href":"https:\/\/ambsansalvador.esteri.it\/es\/wp-json\/wp\/v2\/posts\/811\/revisions\/812"}],"wp:attachment":[{"href":"https:\/\/ambsansalvador.esteri.it\/es\/wp-json\/wp\/v2\/media?parent=811"}],"wp:term":[{"taxonomy":"post_tag","embeddable":true,"href":"https:\/\/ambsansalvador.esteri.it\/es\/wp-json\/wp\/v2\/tags?post=811"}],"curies":[{"name":"wp","href":"https:\/\/api.w.org\/{rel}","templated":true}]}}