{"id":891,"date":"2024-01-24T12:53:21","date_gmt":"2024-01-24T18:53:21","guid":{"rendered":"https:\/\/ambsansalvador.esteri.it\/?p=891"},"modified":"2024-01-24T15:56:18","modified_gmt":"2024-01-24T21:56:18","slug":"embajada-de-italia-entrega-libros-y-material-didactico-al-ministerio-de-cultura-salvadoreno","status":"publish","type":"post","link":"https:\/\/ambsansalvador.esteri.it\/es\/news\/dall_ambasciata\/2024\/01\/embajada-de-italia-entrega-libros-y-material-didactico-al-ministerio-de-cultura-salvadoreno\/","title":{"rendered":"Embajada de Italia entrega libros y material didactico al Ministerio de Cultura salvadore\u00f1o"},"content":{"rendered":"<p>El pasado 17 de enero en la nueva Biblioteca Nacional de San Salvador (BINAES) se celebr\u00f3 la ceremonia de entrega, organizada por el Ministerio de Cultura local, material de biblioteca y did\u00e1ctico enviado por el MAECI.<\/p>\n<p>Al evento asisti\u00f3, adem\u00e1s del Embajador Edoardo Pucci, el Viceministro de Cultura y responsable por el Gobierno salvadore\u00f1o de la BINAES, Eric Doradea, quien agradeci\u00f3 a nuestro Gobierno por la generosa donaci\u00f3n que consolidar\u00e1 el acercamiento de la juventud salvadore\u00f1a a la Cultura y a la Lengua italiana, que actualmente es la tercera m\u00e1s estudiada en el Pa\u00eds centroamericano.<\/p>\n<p>La donaci\u00f3n de m\u00e1s de 100 obras es un ejemplo concreto del apoyo prestado por Italia a las iniciativas destinadas a dar a conocer a las j\u00f3venes generaciones salvadore\u00f1as la Historia, la Cultura y las bellezas art\u00edsticas de nuestro pa\u00eds, donde adem\u00e1s vive una numerosa comunidad de El Salvador.<\/p>\n<p>Adem\u00e1s de los vol\u00famenes elegidos y escritos por los principales autores italianos para adolescentes, se han donado copias de los libros para ni\u00f1os publicados y producidos por el MAECI tales como \u00abPimpa viaja a Italia\u00bb, \u00abGeronimo Stilton. Mil maravillas\u00bb y \u00abGeronimo Stilton. Mil maravillas azules\u00bb en la versi\u00f3n italiana y en la espa\u00f1ola.<\/p>\n","protected":false},"excerpt":{"rendered":"El pasado 17 de enero en la nueva Biblioteca Nacional de San Salvador (BINAES) se celebr\u00f3 la ceremonia de entrega, organizada por el Ministerio de Cultura local, material de biblioteca y did\u00e1ctico enviado por el MAECI. Al evento asisti\u00f3, adem\u00e1s del Embajador Edoardo Pucci, el Viceministro de Cultura y responsable por el Gobierno salvadore\u00f1o de [&hellip;]","protected":false},"author":2,"featured_media":888,"comment_status":"closed","ping_status":"closed","sticky":false,"template":"","format":"standard","meta":{"footnotes":""},"tags":[],"class_list":["post-891","post","type-post","status-publish","format-standard","has-post-thumbnail","hentry"],"_links":{"self":[{"href":"https:\/\/ambsansalvador.esteri.it\/es\/wp-json\/wp\/v2\/posts\/891","targetHints":{"allow":["GET"]}}],"collection":[{"href":"https:\/\/ambsansalvador.esteri.it\/es\/wp-json\/wp\/v2\/posts"}],"about":[{"href":"https:\/\/ambsansalvador.esteri.it\/es\/wp-json\/wp\/v2\/types\/post"}],"author":[{"embeddable":true,"href":"https:\/\/ambsansalvador.esteri.it\/es\/wp-json\/wp\/v2\/users\/2"}],"replies":[{"embeddable":true,"href":"https:\/\/ambsansalvador.esteri.it\/es\/wp-json\/wp\/v2\/comments?post=891"}],"version-history":[{"count":2,"href":"https:\/\/ambsansalvador.esteri.it\/es\/wp-json\/wp\/v2\/posts\/891\/revisions"}],"predecessor-version":[{"id":895,"href":"https:\/\/ambsansalvador.esteri.it\/es\/wp-json\/wp\/v2\/posts\/891\/revisions\/895"}],"wp:featuredmedia":[{"embeddable":true,"href":"https:\/\/ambsansalvador.esteri.it\/es\/wp-json\/wp\/v2\/media\/888"}],"wp:attachment":[{"href":"https:\/\/ambsansalvador.esteri.it\/es\/wp-json\/wp\/v2\/media?parent=891"}],"wp:term":[{"taxonomy":"post_tag","embeddable":true,"href":"https:\/\/ambsansalvador.esteri.it\/es\/wp-json\/wp\/v2\/tags?post=891"}],"curies":[{"name":"wp","href":"https:\/\/api.w.org\/{rel}","templated":true}]}}