{"id":915,"date":"2024-01-26T10:48:50","date_gmt":"2024-01-26T16:48:50","guid":{"rendered":"https:\/\/ambsansalvador.esteri.it\/?p=915"},"modified":"2024-01-26T11:18:17","modified_gmt":"2024-01-26T17:18:17","slug":"__trashed","status":"publish","type":"post","link":"https:\/\/ambsansalvador.esteri.it\/es\/news\/dall_ambasciata\/2024\/01\/__trashed\/","title":{"rendered":"D\u00eda de la Memoria (27 de enero). Discurso pronunciado por el Viceprimer Ministro y Ministro de Relaciones Exteriores y Cooperaci\u00f3n Internacional, Honorable Antonio Tajani, en Yad Vashem en Jerusal\u00e9n"},"content":{"rendered":"<p>El Viceprimer Ministro y Ministro de Relaciones Exteriores y Cooperaci\u00f3n Internacional, Honorable Antonio Tajani, habl\u00f3 como invitado de honor en la ceremonia celebrada en Yad Vashem en Jerusal\u00e9n el 25 de enero.<\/p>\n<p>En el marco de las conmemoraciones del D\u00eda de la Memoria, les informamos que la intervenci\u00f3n del Honorable Ministro Tajani se encuentra disponible en el siguiente link: <a href=\"https:\/\/www.youtube.com\/watch?v=wBFGzldjtds\">https:\/\/www.youtube.com\/watch?v=wBFGzldjtds<\/a><\/p>\n","protected":false},"excerpt":{"rendered":"El Viceprimer Ministro y Ministro de Relaciones Exteriores y Cooperaci\u00f3n Internacional, Honorable Antonio Tajani, habl\u00f3 como invitado de honor en la ceremonia celebrada en Yad Vashem en Jerusal\u00e9n el 25 de enero. En el marco de las conmemoraciones del D\u00eda de la Memoria, les informamos que la intervenci\u00f3n del Honorable Ministro Tajani se encuentra disponible [&hellip;]","protected":false},"author":4,"featured_media":905,"comment_status":"closed","ping_status":"closed","sticky":false,"template":"","format":"standard","meta":{"footnotes":""},"tags":[],"class_list":["post-915","post","type-post","status-publish","format-standard","has-post-thumbnail","hentry"],"_links":{"self":[{"href":"https:\/\/ambsansalvador.esteri.it\/es\/wp-json\/wp\/v2\/posts\/915","targetHints":{"allow":["GET"]}}],"collection":[{"href":"https:\/\/ambsansalvador.esteri.it\/es\/wp-json\/wp\/v2\/posts"}],"about":[{"href":"https:\/\/ambsansalvador.esteri.it\/es\/wp-json\/wp\/v2\/types\/post"}],"author":[{"embeddable":true,"href":"https:\/\/ambsansalvador.esteri.it\/es\/wp-json\/wp\/v2\/users\/4"}],"replies":[{"embeddable":true,"href":"https:\/\/ambsansalvador.esteri.it\/es\/wp-json\/wp\/v2\/comments?post=915"}],"version-history":[{"count":3,"href":"https:\/\/ambsansalvador.esteri.it\/es\/wp-json\/wp\/v2\/posts\/915\/revisions"}],"predecessor-version":[{"id":923,"href":"https:\/\/ambsansalvador.esteri.it\/es\/wp-json\/wp\/v2\/posts\/915\/revisions\/923"}],"wp:featuredmedia":[{"embeddable":true,"href":"https:\/\/ambsansalvador.esteri.it\/es\/wp-json\/wp\/v2\/media\/905"}],"wp:attachment":[{"href":"https:\/\/ambsansalvador.esteri.it\/es\/wp-json\/wp\/v2\/media?parent=915"}],"wp:term":[{"taxonomy":"post_tag","embeddable":true,"href":"https:\/\/ambsansalvador.esteri.it\/es\/wp-json\/wp\/v2\/tags?post=915"}],"curies":[{"name":"wp","href":"https:\/\/api.w.org\/{rel}","templated":true}]}}