{"id":951,"date":"2024-02-06T11:14:25","date_gmt":"2024-02-06T17:14:25","guid":{"rendered":"https:\/\/ambsansalvador.esteri.it\/?p=951"},"modified":"2024-02-06T11:16:31","modified_gmt":"2024-02-06T17:16:31","slug":"51a-edicion-de-los-premios-internacionales-ennio-flaiano-de-italianistica-2024","status":"publish","type":"post","link":"https:\/\/ambsansalvador.esteri.it\/es\/news\/dall_ambasciata\/2024\/02\/51a-edicion-de-los-premios-internacionales-ennio-flaiano-de-italianistica-2024\/","title":{"rendered":"51a Edici\u00f3n de los Premios Internacionales Ennio Flaiano de Italianistica 2024"},"content":{"rendered":"<p style=\"text-align: justify;\">En el marco de la\u00a0<strong>51\u00aa edici\u00f3n de los Premios Internacionales Flaiano,<\/strong>\u00a0secci\u00f3n Literatura, se convoca para\u00a0<strong>el 2024 el 23\u00b0 Premio Internacional Flaiano de Italianistica, dedicado desde 2021 al Embajador Luca Attanasio<\/strong>. El Premio, creado en 2002 y titulado desde 2021 en la Amb. Luca Attanasio, es promovido y organizado por la Fundaci\u00f3n Edoardo Tiboni, la Asociaci\u00f3n Cultural Ennio Flaiano en colaboraci\u00f3n con el Ministerio de Asuntos Exteriores y Cooperaci\u00f3n Internacional y con los Institutos Italianos de Cultura en el extranjero. El Premio ser\u00e1 entregado por la categor\u00eda \u00abover\u00bb a tres autores y por la categor\u00eda \u00abunder 35\u00bb a un autor, cuyas obras tienen por objeto temas de cultura italiana, que han sido publicadas en el extranjero en lengua italiana o extranjera y a trav\u00e9s de las nuevas tecnolog\u00edas (cortometrajes, anuncios, textos).<\/p>\n<p style=\"text-align: justify;\"><strong>MODALIDADES DE PARTICIPACI\u00d3N\u00a0 \u00a0 \u00a0 \u00a0 \u00a0 \u00a0 \u00a0 \u00a0 \u00a0 \u00a0 \u00a0 \u00a0 \u00a0 \u00a0 \u00a0 \u00a0 \u00a0 \u00a0 \u00a0 \u00a0 \u00a0 \u00a0 \u00a0 \u00a0 \u00a0 \u00a0 \u00a0 \u00a0 \u00a0 \u00a0 \u00a0 \u00a0 \u00a0 \u00a0 \u00a0 \u00a0 \u00a0 \u00a0 \u00a0 \u00a0 \u00a0 \u00a0 \u00a0 \u00a0 \u00a0 \u00a0 \u00a0 \u00a0 \u00a0 \u00a0 \u00a0 \u00a0 \u00a0 \u00a0 \u00a0 \u00a0 \u00a0 \u00a0 \u00a0 \u00a0 \u00a0 \u00a0 \u00a0 \u00a0 \u00a0 \u00a0 \u00a0 \u00a0 \u00a0 \u00a0 \u00a0 \u00a0\u00a0<\/strong>Los Directores podr\u00e1n proponer hasta un m\u00e1ximo de tres obras publicadas del\u00a0<strong>1 de abril de 2023 al 31 de marzo de 2024<\/strong>\u00a0del pa\u00eds de referencia.\u00a0 \u00a0 \u00a0 \u00a0 \u00a0 \u00a0 \u00a0 \u00a0 \u00a0 \u00a0 \u00a0 \u00a0 \u00a0 \u00a0 \u00a0 \u00a0 \u00a0 \u00a0 \u00a0 \u00a0 \u00a0 \u00a0 \u00a0 \u00a0 \u00a0 \u00a0 \u00a0 \u00a0 \u00a0 \u00a0 \u00a0 \u00a0 \u00a0 \u00a0 \u00a0 \u00a0 \u00a0 \u00a0 \u00a0 \u00a0 \u00a0 \u00a0 \u00a0 \u00a0 \u00a0 \u00a0 \u00a0 \u00a0 \u00a0 \u00a0 \u00a0 \u00a0 \u00a0 \u00a0 \u00a0 \u00a0 \u00a0 \u00a0 \u00a0 \u00a0 \u00a0 \u00a0 \u00a0 \u00a0 \u00a0 \u00a0 \u00a0 \u00a0 \u00a0 \u00a0 \u00a0 \u00a0 \u00a0 \u00a0 \u00a0 \u00a0 \u00a0 \u00a0 \u00a0 \u00a0 \u00a0 \u00a0 \u00a0 \u00a0 \u00a0 \u00a0 \u00a0 \u00a0 \u00a0 \u00a0 \u00a0 \u00a0 \u00a0 \u00a0 \u00a0 Las obras, en doble ejemplar, tambi\u00e9n en formato PDF, deber\u00e1n ser recibidas por el Instituto Italiano de Cultura a\u00a0<strong>m\u00e1s tardar el 30 de abril de 2024<\/strong>\u00a0en la Secretar\u00eda del Premio, Piazza Emilio Alessandrini, 34 \u2013 65127 Pescara; dar\u00e1 fe al timbre postal de la expedici\u00f3n.<\/p>\n<p style=\"text-align: justify;\">Se ruega, env\u00edar a la direcci\u00f3n de correo electr\u00f3nico,\u00a0<a href=\"mailto:associazione.flaiano@gmail.com\">associazione.flaiano@gmail.com<\/a>\u00a0la informaci\u00f3n del env\u00edo y una ficha de presentaci\u00f3n de la obra propuesta y el autor.<\/p>\n<p style=\"text-align: justify;\"><strong>ENTREGA DE PREMIOS<\/strong><br \/>\nLos premios se entragaran el\u00a0<strong>domingo 30 de junio 2024<\/strong>, a las\u00a0 20:30, en Pescara.<br \/>\nEl premio no puede ser recogido por terceros. La ausencia del ganadro en la ceremonia de la\u00a0<strong>premiaci\u00f3n implicar\u00e1 la renuncia al premio<\/strong><\/p>\n<p style=\"text-align: justify;\"><strong>INFORMACI\u00d3N:<\/strong><br \/>\nASOCIACI\u00d3N CULTURAL ENNIO FLAIANO \u2013 PREMIOS INTERNACIONALES ENNIO FLAIANO<br \/>\nPiazza Alessandrini, 34 \u2013 65127 Pescara \u2013 tel. 338 9892090 \u2013 347 6475547<br \/>\n<a href=\"http:\/\/www.premiflaiano.com\/\">www.premiflaiano.com<\/a>\u00a0e-mail:\u00a0<a href=\"mailto:associazione.flaiano@gmail.com\">associazione.flaiano@gmail.com<\/a>\u00a0<a href=\"mailto:ufficiostampa.premiflaiano@gmail.com\">ufficiostampa.premiflaiano@gmail.com<\/a><\/p>\n","protected":false},"excerpt":{"rendered":"En el marco de la\u00a051\u00aa edici\u00f3n de los Premios Internacionales Flaiano,\u00a0secci\u00f3n Literatura, se convoca para\u00a0el 2024 el 23\u00b0 Premio Internacional Flaiano de Italianistica, dedicado desde 2021 al Embajador Luca Attanasio. El Premio, creado en 2002 y titulado desde 2021 en la Amb. Luca Attanasio, es promovido y organizado por la Fundaci\u00f3n Edoardo Tiboni, la Asociaci\u00f3n [&hellip;]","protected":false},"author":4,"featured_media":945,"comment_status":"closed","ping_status":"closed","sticky":false,"template":"","format":"standard","meta":{"footnotes":""},"tags":[],"class_list":["post-951","post","type-post","status-publish","format-standard","has-post-thumbnail","hentry"],"_links":{"self":[{"href":"https:\/\/ambsansalvador.esteri.it\/es\/wp-json\/wp\/v2\/posts\/951","targetHints":{"allow":["GET"]}}],"collection":[{"href":"https:\/\/ambsansalvador.esteri.it\/es\/wp-json\/wp\/v2\/posts"}],"about":[{"href":"https:\/\/ambsansalvador.esteri.it\/es\/wp-json\/wp\/v2\/types\/post"}],"author":[{"embeddable":true,"href":"https:\/\/ambsansalvador.esteri.it\/es\/wp-json\/wp\/v2\/users\/4"}],"replies":[{"embeddable":true,"href":"https:\/\/ambsansalvador.esteri.it\/es\/wp-json\/wp\/v2\/comments?post=951"}],"version-history":[{"count":2,"href":"https:\/\/ambsansalvador.esteri.it\/es\/wp-json\/wp\/v2\/posts\/951\/revisions"}],"predecessor-version":[{"id":956,"href":"https:\/\/ambsansalvador.esteri.it\/es\/wp-json\/wp\/v2\/posts\/951\/revisions\/956"}],"wp:featuredmedia":[{"embeddable":true,"href":"https:\/\/ambsansalvador.esteri.it\/es\/wp-json\/wp\/v2\/media\/945"}],"wp:attachment":[{"href":"https:\/\/ambsansalvador.esteri.it\/es\/wp-json\/wp\/v2\/media?parent=951"}],"wp:term":[{"taxonomy":"post_tag","embeddable":true,"href":"https:\/\/ambsansalvador.esteri.it\/es\/wp-json\/wp\/v2\/tags?post=951"}],"curies":[{"name":"wp","href":"https:\/\/api.w.org\/{rel}","templated":true}]}}