{"id":999,"date":"2024-03-01T09:38:33","date_gmt":"2024-03-01T15:38:33","guid":{"rendered":"https:\/\/ambsansalvador.esteri.it\/?p=999"},"modified":"2024-03-01T09:42:02","modified_gmt":"2024-03-01T15:42:02","slug":"concierto-para-conmemorar-la-jornada-del-dia-del-diseno-italiano-en-el-mundo","status":"publish","type":"post","link":"https:\/\/ambsansalvador.esteri.it\/es\/news\/dall_ambasciata\/2024\/03\/concierto-para-conmemorar-la-jornada-del-dia-del-diseno-italiano-en-el-mundo\/","title":{"rendered":"Concierto para conmemorar la Jornada del D\u00eda del Dise\u00f1o Italiano en el Mundo."},"content":{"rendered":"<p>En colaboraci\u00e8on con el Ministerio de Cultura de El Salvador presentaremos al \u00abTr\u00edo en Jazz Casati\u2013Menconi\u2013Cerruti\u00bb, compuesto por Giampaolo Casati en la trompeta, Alessio Menconi en la guitarra y Dino Cerruti en el contrabajo.<\/p>\n<p>Un evento musical excepcional para conmemorar la Jornada del D\u00eda del Dise\u00f1o Italiano en el Mundo (IDD) y celebrar la profunda amistad entre Italia y El Salvador.<\/p>\n<p>13 de marzo |6:00 p. m. | Teatro Nacional de Santa Ana<\/p>\n<p>14 de marzo |7:00 p. m. | en el Teatro Nacional de San Salvador.<\/p>\n<p>Entrada gratis.<\/p>\n","protected":false},"excerpt":{"rendered":"En colaboraci\u00e8on con el Ministerio de Cultura de El Salvador presentaremos al \u00abTr\u00edo en Jazz Casati\u2013Menconi\u2013Cerruti\u00bb, compuesto por Giampaolo Casati en la trompeta, Alessio Menconi en la guitarra y Dino Cerruti en el contrabajo. Un evento musical excepcional para conmemorar la Jornada del D\u00eda del Dise\u00f1o Italiano en el Mundo (IDD) y celebrar la profunda [&hellip;]","protected":false},"author":4,"featured_media":992,"comment_status":"closed","ping_status":"closed","sticky":false,"template":"","format":"standard","meta":{"footnotes":""},"tags":[],"class_list":["post-999","post","type-post","status-publish","format-standard","has-post-thumbnail","hentry"],"_links":{"self":[{"href":"https:\/\/ambsansalvador.esteri.it\/es\/wp-json\/wp\/v2\/posts\/999","targetHints":{"allow":["GET"]}}],"collection":[{"href":"https:\/\/ambsansalvador.esteri.it\/es\/wp-json\/wp\/v2\/posts"}],"about":[{"href":"https:\/\/ambsansalvador.esteri.it\/es\/wp-json\/wp\/v2\/types\/post"}],"author":[{"embeddable":true,"href":"https:\/\/ambsansalvador.esteri.it\/es\/wp-json\/wp\/v2\/users\/4"}],"replies":[{"embeddable":true,"href":"https:\/\/ambsansalvador.esteri.it\/es\/wp-json\/wp\/v2\/comments?post=999"}],"version-history":[{"count":1,"href":"https:\/\/ambsansalvador.esteri.it\/es\/wp-json\/wp\/v2\/posts\/999\/revisions"}],"predecessor-version":[{"id":1001,"href":"https:\/\/ambsansalvador.esteri.it\/es\/wp-json\/wp\/v2\/posts\/999\/revisions\/1001"}],"wp:featuredmedia":[{"embeddable":true,"href":"https:\/\/ambsansalvador.esteri.it\/es\/wp-json\/wp\/v2\/media\/992"}],"wp:attachment":[{"href":"https:\/\/ambsansalvador.esteri.it\/es\/wp-json\/wp\/v2\/media?parent=999"}],"wp:term":[{"taxonomy":"post_tag","embeddable":true,"href":"https:\/\/ambsansalvador.esteri.it\/es\/wp-json\/wp\/v2\/tags?post=999"}],"curies":[{"name":"wp","href":"https:\/\/api.w.org\/{rel}","templated":true}]}}