{"id":208,"date":"2023-05-16T13:19:20","date_gmt":"2023-05-16T11:19:20","guid":{"rendered":"https:\/\/ambsansalvador.esteri.it\/?p=208"},"modified":"2023-08-03T20:59:49","modified_gmt":"2023-08-03T18:59:49","slug":"intervista-dellambasciatore-edoardo-pucci-sul-giornale-diario-el-mundo-sulle-relazioni-italia-ed-el-salvador-che-compiono-162-anni-e-sulla-candidatura-di-roma-ad-expo-2030","status":"publish","type":"post","link":"https:\/\/ambsansalvador.esteri.it\/it\/news\/dall_ambasciata\/2023\/05\/intervista-dellambasciatore-edoardo-pucci-sul-giornale-diario-el-mundo-sulle-relazioni-italia-ed-el-salvador-che-compiono-162-anni-e-sulla-candidatura-di-roma-ad-expo-2030\/","title":{"rendered":"INTERVISTA DELL\u2019AMBASCIATORE EDOARDO PUCCI, SUL GIORNALE \u201cDIARIO EL MUNDO\u201d, SULLE RELAZIONI ITALIA ED EL SALVADOR CHE COMPIONO 162 ANNI E SULLA CANDIDATURA DI ROMA AD EXPO 2030"},"content":{"rendered":"<p><strong>162 a\u00f1os de Amistad y Relaciones diplom\u00e1ticas entre Italia y El Salvador.<\/strong><\/p>\n<p>El Embajador de Italia en El Salvador, Edoardo Pucci, nos recibe en la Residencia de Italia despu\u00e9s su regreso al pa\u00eds luego de su viaje a Italia donde particip\u00f3 a la segunda sesi\u00f3n del Mecanismo de Dialogo Polit\u00edco entre Italia y El Salvador.<\/p>\n<p><strong>\u00bfEmbajador como es el estado de las relaciones pol\u00edticas entre nuestros dos Pa\u00edses?<\/strong><\/p>\n<p>Nuestras relaciones, ya excelentes, el 9 de mayo hemos celebrado el 162 aniversario del inicio de las relaciones diplom\u00e1ticas entre Italia y El Salvador, que tambi\u00e9n se benefician del Mecanismo de Di\u00e1logo Pol\u00edtico.<\/p>\n<p>Despu\u00e9s de la primera sesi\u00f3n, celebrada en San Salvador en 2019, me complaci\u00f3 poder copresidir la segunda sesi\u00f3n en Roma el pasado 27 de abril la cual fue precedida por el Secretario de Estado italiano, Giorgio Silli, y la Vice Ministra Adriana Mira. Personalmente creo firmemente en la eficacia y en la funcionalidad de este \u00e1gil instrumento diplom\u00e1tico-polit\u00edco, que nos permite encontrarnos de forma regular, alternativamente en nuestros Pa\u00edses, y discutir y profundizar temas, no solamente bilaterales, de mutuo inter\u00e9s, como los principales asuntos regionales, multilaterales y globales de mayor actualidad, especialmente en esta fase caracterizada por muchas instabilidades a nivel internacional, debido primeramente al conflicto en curso entre Rusia y Ucrania y a sus efectos negativos, sobre todo en el campo energ\u00e9tico y de la seguridad alimentaria.<\/p>\n<p>Estos factores de crisis, as\u00ed como la reciente pandemia desatada por el COVID-19, imponen a todos los Pa\u00edses y a la Comunidad Internacional unir los esfuerzos &#8211; con firmeza, buena fe y voluntad &#8211; para enfrentar a los desaf\u00edos de este momento hist\u00f3rico y buscar soluciones duraderas.<\/p>\n<p><strong>\u00bfPuede mencionarnos en detalle cuales fueron los temas bilaterales importantes que se abordaron en esa reciente sesi\u00f3n de dialogo?<\/strong><\/p>\n<p>Respecto a las relaciones econ\u00f3micas podemos confirmar que estamos satisfechos con los buenos resultados de la balanza comercial, que recuper\u00f3 r\u00e1pidamente la baja registrada durante la fase m\u00e1s aguda de la pandemia, adem\u00e1s en los \u00faltimas semanas hay un inter\u00e9s de nuestros empresarios en conocer las oportunidades econ\u00f3micas de El Salvador y, en particular, en el desarrollo de los tres proyectos estrat\u00e9gicos de inter\u00e9s para el Gobierno del Presidente Bukele como por ejemplo el Tren del Pac\u00edfico, Aeropuerto del Pac\u00edfico y la Metro de San Salvador).<\/p>\n<p>El Salvador sigue siendo un Pa\u00eds prioritario para la Cooperaci\u00f3n Italiana. Las principales \u00e1reas de intervenci\u00f3n de la cooperaci\u00f3n italiana en El Salvador son: la educaci\u00f3n,la inclusi\u00f3n social, la seguridad alimentaria, la protecci\u00f3n del medio ambiente, la regeneraci\u00f3n urbana, la valorizaci\u00f3n del patrimonio cultural y la promoci\u00f3n del derecho.<\/p>\n<p>En el trienio 2020-2022 El Salvador recibi\u00f3 alrededor de $20 millones por parte de la Cooperaci\u00f3n Italiana para el desarrollo y la emergencia. Adem\u00e1s, Italia brinda apoyo a trav\u00e9s de 3 cr\u00e9ditos blandos de la Cooperaci\u00f3n en sectores prioritarios y cruciales para el gobierno de El Salvador que son: la regeneraci\u00f3n urbana, la ense\u00f1anza de otro idioma y la inclusi\u00f3n social.<\/p>\n<p>Otro campo donde nuestros dos Pa\u00edses est\u00e1n colaborando es el de la diplomacia jur\u00eddica y lucha al crimen organizado. En el marco del programa italiano de asistencia t\u00e9cnica en materia de justicia y seguridad que lleva el nombre de los dos ic\u00f3nicos magistrados Falcone y Borsellino, El Salvador ha sido siempre uno de los participantes m\u00e1s activos e interesados, especialmente en los seminarios y las actividades de formaci\u00f3n t\u00e9cnica focalizadas en la lucha contra la delincuencia organizada. Mi Pa\u00eds promueve estas iniciativas en la lucha contra los fen\u00f3menos delictivos transnacionales, en el marco de los principios del Estado de Derecho y de la protecci\u00f3n de los derechos humanos y las libertades fundamentales.<\/p>\n<p>Estamos al tanto de los esfuerzos del Presidente Bukele para combatir el fen\u00f3meno de las maras y de las pandillas y de los importantes resultados logrados hasta la fecha en t\u00e9rminos de baja, muy relevante, de las tasas de cr\u00edmenes y violencias.<\/p>\n<p>Confiamos que la sensibilidad de su Gobierno y de las Autoridades que ejercen la Justicia act\u00faen la lucha al crimen organizado en el pleno respeto del Estado de Derecho.<\/p>\n<p>Regresando a los temas econ\u00f3micos, puedo anunciar que en las pr\u00f3ximas semanas la Embajada de Italia organizar\u00e1 una serie de misiones de empresarios italianos activos en los sectores del Turismo, Transporte y Movilidad Sostenible y Agrotech en el Pa\u00eds, para descubrir las oportunidades en El Salvador. Estas misiones ser\u00e1n organizadas en el marco de la presentaci\u00f3n a las Autoridades salvadore\u00f1as la Candidatura de Roma a acoger la EXPO 2030.<\/p>\n<p>La candidatura italiana pretende afrontar el tema de la regeneraci\u00f3n urbana inteligente y sostenible invitando a todo el mundo a confrontarse sobre el tema de la relaci\u00f3n entre personas y territorios.<\/p>\n<p>Nuestra Cooperaci\u00f3n est\u00e1 ya trabajando hombro a hombro con el local Ministerio de Vivienda en proyectos para la recuperaci\u00f3n del Patrimonio Cultural del Centro Hist\u00f3rico de San Salvador y de viviendas dignas en favor de la poblaci\u00f3n m\u00e1s vulnerable mediante el uso del m\u00e9todo cooperativo.<\/p>\n<p>Proyectos como la remodelaci\u00f3n y restauraci\u00f3n del Patrimonio Cultural y Urbano del cual Roma e Italia est\u00e1n a la vanguardia y que son el punto de referencia de esta Municipalidad que mira al futuro y a la organizaci\u00f3n de importantes eventos como el Jubileo en 2025 y, esperamos, Expo 2030.<\/p>\n<p>El objetivo com\u00fan de recuperar los Centros Hist\u00f3ricos y su Patrimonio Cultural es, sobre todo, la voluntad de crear ciudades m\u00e1s sostenibles, tecnol\u00f3gicas e innovativas para las j\u00f3venes generaciones, mediante la implementaci\u00f3n de temas como la movilidad sostenible y el uso de fuentes alternativas y energ\u00edas renovables.<\/p>\n<p>M\u00e1s en general, Roma EXPO 2030 representa una plataforma de oportunidades a trav\u00e9s de la cual se podr\u00e1n crear importantes sinergias en el \u00e1mbito econ\u00f3mico, y donde las empresas italianas podr\u00e1n poner a disposici\u00f3n su know-how para fomentar el crecimiento y el desarrollo de El Salvador. En este sentido, me agradar\u00eda destacar c\u00f3mo la adjudicaci\u00f3n de la EXPO 2030 a Roma beneficiar\u00eda tambi\u00e9n a la numerosa comunidad salvadore\u00f1a en Italia, la cual dispondr\u00eda de nuevas y mayores oportunidades de crecimiento profesional. En este sentido quiero subrayar que la di\u00e1spora salvadore\u00f1a en Italia es muy reconocida por ser trabajadora y que se ha involucrado muy bien en el tejido social y econ\u00f3mico ayudando en el desarrollo de mi pa\u00eds en muchos sectores.<\/p>\n<p><strong>\u00bfPuede tambi\u00e9n mencionarnos cuales son los temas multilaterales de com\u00fan inter\u00e9s entre Italia y El Salvador?<\/strong><\/p>\n<p>Italia sigue con un inter\u00e9s particular los esfuerzos de integraci\u00f3n de los pa\u00edses de la regi\u00f3n Centroamericana. Italia es Pa\u00eds observador extra regional desde 2009 del SICA y ha establecido una fruct\u00edfera cooperaci\u00f3n con esta importante instancia regional, en particular en el \u00e1mbito de la justicia, la seguridad y la lucha contra la delincuencia organizada transnacional, del cual El Salvador va a tomar la Presidencia para el segundo semestre de 2023. Italia va apoyar la implementaci\u00f3n del Acuerdo de Asociaci\u00f3n UE-Centroam\u00e9rica, es un instrumento esencial para consolidar el partenariado entre la UE y Centroam\u00e9rica y profundizar en la integraci\u00f3n intrarregional.<\/p>\n<p>El pilar comercial del Acuerdo est\u00e1 produciendo beneficios concretos entre la Uni\u00f3n Europea y los seis Pa\u00edses Centroamericanos, como el aumento del comercio bilateral, la promoci\u00f3n del desarrollo sostenible y el fortalecimiento del proceso de integraci\u00f3n regional. Esto es importante para atraer inversiones a la regi\u00f3n y ayudar a las empresas locales a fortalecerse en su mercado regional para competir a escala internacional.<\/p>\n<p>Termino subrayando que Italia con el nuevo Gobierno quiere poner a El Salvador y toda Am\u00e9rica Latina como una de las prioridades pol\u00edticas y econ\u00f3micas de su acci\u00f3n en pol\u00edtica extranjera, y es por eso que antes del final del a\u00f1o tiene el objetivo de organizar en Roma la XI Conferencia Italia-Am\u00e9rica Latina y el Caribe, que sigue siendo nuestro foro principal de dialogo con toda Latinoam\u00e9rica y el Caribe.<\/p>\n<p>En el marco de esa Conferencia se trazan balances de los resultados logrados y se planifican nuevos programas e iniciativas, con el objetivo de consolidar y reforzar ulteriormente las relaciones bilaterales en los numerosos sectores de mutuo inter\u00e9s, en particular los relativos a la protecci\u00f3n del medio ambiente, la lucha contra el cambio clim\u00e1tico, la sostenibilidad, la igualdad de g\u00e9nero, el contraste al crimen organizado y a la corrupci\u00f3n.<\/p>\n<p>Intervista completa su:<\/p>\n<p><a href=\"https:\/\/diario.elmundo.sv\/empresarial\/162-anos-de-amistad-y-relaciones-diplomaticas-entre-italia-y-el-salvador\">https:\/\/diario.elmundo.sv\/empresarial\/162-anos-de-amistad-y-relaciones-diplomaticas-entre-italia-y-el-salvador<\/a><\/p>\n","protected":false},"excerpt":{"rendered":"162 a\u00f1os de Amistad y Relaciones diplom\u00e1ticas entre Italia y El Salvador. El Embajador de Italia en El Salvador, Edoardo Pucci, nos recibe en la Residencia de Italia despu\u00e9s su regreso al pa\u00eds luego de su viaje a Italia donde particip\u00f3 a la segunda sesi\u00f3n del Mecanismo de Dialogo Polit\u00edco entre Italia y El Salvador. [&hellip;]","protected":false},"author":1,"featured_media":209,"comment_status":"closed","ping_status":"open","sticky":false,"template":"","format":"standard","meta":{"footnotes":""},"tags":[],"class_list":["post-208","post","type-post","status-publish","format-standard","has-post-thumbnail","hentry"],"_links":{"self":[{"href":"https:\/\/ambsansalvador.esteri.it\/it\/wp-json\/wp\/v2\/posts\/208","targetHints":{"allow":["GET"]}}],"collection":[{"href":"https:\/\/ambsansalvador.esteri.it\/it\/wp-json\/wp\/v2\/posts"}],"about":[{"href":"https:\/\/ambsansalvador.esteri.it\/it\/wp-json\/wp\/v2\/types\/post"}],"author":[{"embeddable":true,"href":"https:\/\/ambsansalvador.esteri.it\/it\/wp-json\/wp\/v2\/users\/1"}],"replies":[{"embeddable":true,"href":"https:\/\/ambsansalvador.esteri.it\/it\/wp-json\/wp\/v2\/comments?post=208"}],"version-history":[{"count":1,"href":"https:\/\/ambsansalvador.esteri.it\/it\/wp-json\/wp\/v2\/posts\/208\/revisions"}],"predecessor-version":[{"id":210,"href":"https:\/\/ambsansalvador.esteri.it\/it\/wp-json\/wp\/v2\/posts\/208\/revisions\/210"}],"wp:featuredmedia":[{"embeddable":true,"href":"https:\/\/ambsansalvador.esteri.it\/it\/wp-json\/wp\/v2\/media\/209"}],"wp:attachment":[{"href":"https:\/\/ambsansalvador.esteri.it\/it\/wp-json\/wp\/v2\/media?parent=208"}],"wp:term":[{"taxonomy":"post_tag","embeddable":true,"href":"https:\/\/ambsansalvador.esteri.it\/it\/wp-json\/wp\/v2\/tags?post=208"}],"curies":[{"name":"wp","href":"https:\/\/api.w.org\/{rel}","templated":true}]}}