{"id":4262,"date":"2026-09-03T12:59:38","date_gmt":"2026-09-03T18:59:38","guid":{"rendered":"https:\/\/ambsansalvador.esteri.it\/?p=4262"},"modified":"2026-09-03T12:59:38","modified_gmt":"2026-09-03T18:59:38","slug":"cooperazione-internazionale-accordo-tra-universita-di-pavia-e-fondazione-mondino-per-il-progetto-nascere-con-affetto","status":"publish","type":"post","link":"https:\/\/ambsansalvador.esteri.it\/it\/news\/dall_ambasciata\/2026\/09\/cooperazione-internazionale-accordo-tra-universita-di-pavia-e-fondazione-mondino-per-il-progetto-nascere-con-affetto\/","title":{"rendered":"Cooperazione internazionale, accordo tra Universit\u00e0 di Pavia e Fondazione Mondino per il progetto \u201cNascere con Affetto\u201d"},"content":{"rendered":"<p>L&#8217;accordo e la collaborazione tra l&#8217;Universit\u00e0 di Pavia e El Salvador per il progetto &#8220;Nascere con Affetto&#8221; (<em>&#8220;Nacer con Cari\u00f1o&#8221;<\/em>) si \u00e8 recentemente consolidato con un nuovo importante passo.<\/p>\n<p>Il <strong>22 luglio 2026<\/strong>, l&#8217;Ateneo pavese ha sottoscritto una nuova intesa strategica con la <strong>Fondazione Mondino IRCCS<\/strong> (Istituto neurologico di Pavia) per rafforzare ulteriormente questo programma di cooperazione internazionale.<\/p>\n<p>A continuazione la notizia cliccando sul seguente link: <a href=\"https:\/\/www.unipv.news\/notizie\/cooperazione-internazionale-accordo-di-partenariato-tra-universita-di-pavia-e-fondazione\">https:\/\/www.unipv.news\/notizie\/cooperazione-internazionale-accordo-di-partenariato-tra-universita-di-pavia-e-fondazione<\/a><\/p>\n","protected":false},"excerpt":{"rendered":"L&#8217;accordo e la collaborazione tra l&#8217;Universit\u00e0 di Pavia e El Salvador per il progetto &#8220;Nascere con Affetto&#8221; (&#8220;Nacer con Cari\u00f1o&#8221;) si \u00e8 recentemente consolidato con un nuovo importante passo. Il 22 luglio 2026, l&#8217;Ateneo pavese ha sottoscritto una nuova intesa strategica con la Fondazione Mondino IRCCS (Istituto neurologico di Pavia) per rafforzare ulteriormente questo programma [&hellip;]","protected":false},"author":4,"featured_media":0,"comment_status":"closed","ping_status":"closed","sticky":false,"template":"","format":"standard","meta":{"footnotes":""},"tags":[],"class_list":["post-4262","post","type-post","status-publish","format-standard","hentry"],"_links":{"self":[{"href":"https:\/\/ambsansalvador.esteri.it\/it\/wp-json\/wp\/v2\/posts\/4262","targetHints":{"allow":["GET"]}}],"collection":[{"href":"https:\/\/ambsansalvador.esteri.it\/it\/wp-json\/wp\/v2\/posts"}],"about":[{"href":"https:\/\/ambsansalvador.esteri.it\/it\/wp-json\/wp\/v2\/types\/post"}],"author":[{"embeddable":true,"href":"https:\/\/ambsansalvador.esteri.it\/it\/wp-json\/wp\/v2\/users\/4"}],"replies":[{"embeddable":true,"href":"https:\/\/ambsansalvador.esteri.it\/it\/wp-json\/wp\/v2\/comments?post=4262"}],"version-history":[{"count":1,"href":"https:\/\/ambsansalvador.esteri.it\/it\/wp-json\/wp\/v2\/posts\/4262\/revisions"}],"predecessor-version":[{"id":4264,"href":"https:\/\/ambsansalvador.esteri.it\/it\/wp-json\/wp\/v2\/posts\/4262\/revisions\/4264"}],"wp:attachment":[{"href":"https:\/\/ambsansalvador.esteri.it\/it\/wp-json\/wp\/v2\/media?parent=4262"}],"wp:term":[{"taxonomy":"post_tag","embeddable":true,"href":"https:\/\/ambsansalvador.esteri.it\/it\/wp-json\/wp\/v2\/tags?post=4262"}],"curies":[{"name":"wp","href":"https:\/\/api.w.org\/{rel}","templated":true}]}}