{"id":580,"date":"2021-09-20T22:38:37","date_gmt":"2021-09-20T20:38:37","guid":{"rendered":"https:\/\/ambsansalvador.esteri.it\/?p=580"},"modified":"2023-08-08T22:39:00","modified_gmt":"2023-08-08T20:39:00","slug":"novita-riguardo-il-sistema-pubblico-di-identita-digitale-spid","status":"publish","type":"post","link":"https:\/\/ambsansalvador.esteri.it\/it\/news\/dall_ambasciata\/2021\/09\/novita-riguardo-il-sistema-pubblico-di-identita-digitale-spid\/","title":{"rendered":"Novit\u00e0 riguardo il sistema pubblico di identit\u00e0 digitale (SPID)"},"content":{"rendered":"<p>A seguito della conversione in legge del Decreto Legge 31 dicembre 2020, n. 183 (cosiddetto &#8220;Decreto Milleproroghe&#8221;) \u00e8 stato modificato il Codice dell&#8217;Amministrazione Digitale ed \u00e8 stato nuovamente prorogato il termine entro il quale gli uffici consolari all\u2019estero del Ministero degli affari esteri e della cooperazione internazionale dovranno utilizzare esclusivamente gli strumenti di identit\u00e0 digitali (SPID &#8211; Sistema Pubblico di Identit\u00e0 Digitale, CIE &#8211; Carta di Identit\u00e0 Elettronica, CNS &#8211; Carta Nazionale dei Servizi) ai fini dell&#8217;identificazione dei cittadini che accedono ai propri servizi in rete: tale termine \u00e8 stato fissato al 31 dicembre 2022.<\/p>\n<p>Da tale data le pubbliche amministrazioni non potranno rilasciare altre credenziali.<\/p>\n<p>Coloro che sono in possesso di credenziali proprie, potranno continuare a utilizzarle fino al 31 marzo 2023 per accedere ai servizi in rete della Pubblica Amministrazione.<\/p>\n<p>Per ulteriori informazioni\u00a0<a href=\"https:\/\/www.esteri.it\/mae\/it\/servizi\/serviziconsolari\/spid.html\">https:\/\/www.esteri.it\/mae\/it\/servizi\/serviziconsolari\/spid.html<\/a>.<\/p>\n","protected":false},"excerpt":{"rendered":"A seguito della conversione in legge del Decreto Legge 31 dicembre 2020, n. 183 (cosiddetto &#8220;Decreto Milleproroghe&#8221;) \u00e8 stato modificato il Codice dell&#8217;Amministrazione Digitale ed \u00e8 stato nuovamente prorogato il termine entro il quale gli uffici consolari all\u2019estero del Ministero degli affari esteri e della cooperazione internazionale dovranno utilizzare esclusivamente gli strumenti di identit\u00e0 digitali [&hellip;]","protected":false},"author":2,"featured_media":0,"comment_status":"closed","ping_status":"open","sticky":false,"template":"","format":"standard","meta":{"footnotes":""},"tags":[],"class_list":["post-580","post","type-post","status-publish","format-standard","hentry"],"_links":{"self":[{"href":"https:\/\/ambsansalvador.esteri.it\/it\/wp-json\/wp\/v2\/posts\/580","targetHints":{"allow":["GET"]}}],"collection":[{"href":"https:\/\/ambsansalvador.esteri.it\/it\/wp-json\/wp\/v2\/posts"}],"about":[{"href":"https:\/\/ambsansalvador.esteri.it\/it\/wp-json\/wp\/v2\/types\/post"}],"author":[{"embeddable":true,"href":"https:\/\/ambsansalvador.esteri.it\/it\/wp-json\/wp\/v2\/users\/2"}],"replies":[{"embeddable":true,"href":"https:\/\/ambsansalvador.esteri.it\/it\/wp-json\/wp\/v2\/comments?post=580"}],"version-history":[{"count":1,"href":"https:\/\/ambsansalvador.esteri.it\/it\/wp-json\/wp\/v2\/posts\/580\/revisions"}],"predecessor-version":[{"id":581,"href":"https:\/\/ambsansalvador.esteri.it\/it\/wp-json\/wp\/v2\/posts\/580\/revisions\/581"}],"wp:attachment":[{"href":"https:\/\/ambsansalvador.esteri.it\/it\/wp-json\/wp\/v2\/media?parent=580"}],"wp:term":[{"taxonomy":"post_tag","embeddable":true,"href":"https:\/\/ambsansalvador.esteri.it\/it\/wp-json\/wp\/v2\/tags?post=580"}],"curies":[{"name":"wp","href":"https:\/\/api.w.org\/{rel}","templated":true}]}}