{"id":651,"date":"2020-06-01T07:00:55","date_gmt":"2020-06-01T13:00:55","guid":{"rendered":"https:\/\/ambsansalvador.esteri.it\/2020\/06\/01\/messaggio-dell-ambasciatore-malnati\/"},"modified":"2020-06-01T07:00:55","modified_gmt":"2020-06-01T13:00:55","slug":"messaggio-dell-ambasciatore-malnati","status":"publish","type":"post","link":"https:\/\/ambsansalvador.esteri.it\/it\/news\/dall_ambasciata\/2020\/06\/messaggio-dell-ambasciatore-malnati\/","title":{"rendered":"Messaggio dell&#8217; Ambasciatore Malnati in occasione della Festa della Repubblica"},"content":{"rendered":"<p>Cari connazionali,<\/p>\n<p style=\"text-align: justify;\">come ogni anno l&#8217;Italia celebra la fondazione della Repubblica, la nostra Festa Nazionale, avvenuta il 2 giugno 1946. E\u2019 questo il momento simbolo del ritrovamento della libert\u00e0 e della democrazia, del richiamo ai principi pi\u00f9 virtuosi del sentimento nazionale che unisce tutti gli italiani, sul suolo della penisola ed all&#8217;estero.<\/p>\n<p style=\"text-align: justify;\">Purtroppo quest&#8217;anno viviamo tempi drammaticamente segnati dalle calamit\u00e0 naturali. La pandemia di COVID 19, scatenatasi da febbraio, ha mietuto vittime in tutto il mondo. Proprio in queste ultime ore si \u00e8 aggiunta in El Salvador una disastrosa inondazione della tempesta &#8220;Amanda&#8221;. Io, insieme a tutti i componenti dell&#8217;Ambasciata d&#8217;Italia e dell&#8217;Agenzia di Cooperazione allo sviluppo, desideriamo anzitutto esprimere tutto il nostro profondo, sentito cordoglio per le vittime e tutta la nostra solidarit\u00e0.<\/p>\n<p style=\"text-align: justify;\">In Italia siamo riusciti a superare la prima fase dell&#8217;azione di contrasto al virus con misure inedite di quarantena e distanziamento sociale. Anche in El Salvador le disposizioni in vigore sono sostanzialmente in linea con quelle adottate in Italia. I tradizionali eventi pubblici celebrativi della Festa Nazionale, sia in Italia che nelle Ambasciate all&#8217;estero, non hanno potuto essere organizzati.<\/p>\n<p style=\"text-align: justify;\">Rivolgo pertanto il mio vivo saluto attraverso internet a tutti gli oltre tremila cittadini italiani che risiedono, molti da generazioni, in questo splendido Paese, contribuendo con efficacia ed amore alla sua crescita.<\/p>\n<p style=\"text-align: justify;\">Nel corso di quest&#8217;ultimo anno, Italia ed El Salvador hanno conseguito nuovi virtuosi successi nel rafforzamento delle relazioni bilaterali, innanzitutto con lo svolgimento, lo scorso mese di luglio, subito dopo l&#8217;insediamento del nuovo Governo del Presidente della Repubblica Nayib Bukele, della prima riunione a San Salvador del Meccanismo di Consultazioni Politiche fra la Delegazione italiana diretta dal Senatore Ricardo Merlo e quella salvadoregna diretta dalla Ministra Alexandra Hill.<\/p>\n<p style=\"text-align: justify;\">E&#8217; questo l&#8217; approdo logico di una storia di costanti e virtuosi rapporti, composta da mutui contributi migratori alla crescita dei nostri due Paesi, di collaborazioni di solidariet\u00e0 per lo sviluppo e di proficue intese sul piano poitico basate su condivise visioni dei principi di fondo su cui devono reggersi le relazioni internazionali.<\/p>\n<p style=\"text-align: justify;\">La visita del Senatore Merlo \u00e8 stato un momento importante anche nelle nostre relazioni con l&#8217;intera regione centro americana. I colloqui Merlo\/Cerezo e la contestuale firma della fondazione del Forum Italia SICA hanno posto le basi per ulteriori rafforzate collaborazioni con il SICA a testimonianza della nostra costante fiducia nell&#8217;efficacia dei processi di integrazione regionale per l&#8217;acquisizione degli obiettivi di pace, crescit\u00e0 economica e prosperit\u00e0 delle popolazioni.<\/p>\n<p style=\"text-align: justify;\">Anche sul piano della collaborazione d&#8217;assistenza tecnica in importanti settori per lo sviluppo di El Salvador siamo riusciti a produrre importanti risultati in esecuzione del &#8220;programma triennale di cooperazione 2018 2020&#8221;. Mi riferisco in particolare al progetto d&#8217;appoggio al rilancio della coltura del caff\u00e8, a quello nel settore dell&#8217;ambiente diretto alla ristrutturazione di edifici nel centro storico di San Salvador ed a quello nel settore della giustizia minorile.<\/p>\n<p style=\"text-align: justify;\">La drammatica ed inedita crisi sanitaria globale che ci ha colpiti ha instaurato un intenso dibattito volto al possibile riorientamento delle attivit\u00e0 che tenga in adeguata considerazione l&#8217;obiettivo di promuovere strutture e capacit\u00e0 tecniche idonee a far fronte a queste emergenze.<\/p>\n<p style=\"text-align: justify;\">Questi risultati costituiscono nuovi tasselli destinati ad offrire opportunit\u00e0, strumenti, spunti per iniziative di crescita comune nell&#8217;interesse delle nostre popolazioni. Preconizzano lo sviluppo di nuove sinergie su basi solide, strutturate, adeguate alla realt\u00e0 del continuo e virtuoso scambio di esperienze politiche, economiche e sociali che ha caratterizzato la storia dei nostri rapporti bilaterali dal secolo scorso.<\/p>\n<p style=\"text-align: justify;\">L&#8217;Italia mantiene il suo impegno per El Salvador anche nel quadro dell&#8217;Unione Europea, una esperienza di cui siamo fondatori e che stiamo ulteriormente rafforzando in collaborazione con i nostri Partners. Il suo ruolo nel quadro della cooperazione allo sviluppo, nelle relazioni politiche, economiche e commerciali non solo in questo Paese ma anche nel quadro del Sistema di integrazione Centro americana \u00e8 di primo piano ed in decisa crescita.<\/p>\n<p>Cari Amici, cari connazionali,<\/p>\n<p style=\"text-align: justify;\">sono convinto che l&#8217;azione che abbiamo avviato in pieno accordo con il governo di El Salvador, fatto progredire e rafforzato fino al conseguimento dei risultati menzionati debba trovare non solo ulteriori conferme e realizzazioni nel prossimo futuro, ma anche nuove occasioni per fomentare stimoli ed interessi ad accrescere l&#8217;interscambio commerciale, gli investimenti reciproci ed un ulteriore approfondimento delle relazioni culturali, umane e sociali.<\/p>\n<p style=\"text-align: justify;\">Vorrei cogliere quest&#8217;occasione per rivolgere un sentito ringraziamento alla Societ\u00e0 Dante Alighieri ed all&#8217;Associazione Assistenza Italiana per il loro costante impegno nell&#8217;attivit\u00e0 di promozione della lingua e della cultura italiane in questo Paese attraverso i corsi di italiano svolti. Auspico vivamente che questa emergenza sanitaria possa terminare rapidamente e permettere la ripresa delle attivit\u00e0 nella loro pienezza e consistenza da parte di tutti insieme all&#8217;Ambasciata ed all&#8217;Agenzia di Cooperazione allo sviluppo.<\/p>\n<p style=\"text-align: justify;\">Desidero infine concludere esprimendo al Governo ed al popolo salvadoregni i miei piu&#8217; sinceri e fervidi auguri di pieno successo in queste straordinarie sfide lanciate imprevedibilmente da un virus sconosciuto e dalla tempesta tropicale. Che possiate intraprendere con efficacia e lungimirante determinazione l&#8217;azione diretta a consolidare serenit\u00e0 politica, promuovere nuovo e vigoroso sviluppo economico, in armonia sociale e solidariet\u00e0. L&#8217;Italia non far\u00e0 mancare il suo appoggio.<\/p>\n<p style=\"text-align: justify;\">Invito tutti a prendere visione del messaggio del Signor Presidente della Repubblica italiana, Sergio Mattarella, in occasione della Festa della Repubblica attraverso il link con il sito del Quirinale.<\/p>\n<p>Umberto Malnati<\/p>\n<p>Ambasciatore d&#8217;Italia in El Salvador<\/p>\n","protected":false},"excerpt":{"rendered":"Cari connazionali, come ogni anno l&#8217;Italia celebra la fondazione della Repubblica, la nostra Festa Nazionale, avvenuta il 2 giugno 1946. E\u2019 questo il momento simbolo del ritrovamento della libert\u00e0 e della democrazia, del richiamo ai principi pi\u00f9 virtuosi del sentimento nazionale che unisce tutti gli italiani, sul suolo della penisola ed all&#8217;estero. Purtroppo quest&#8217;anno viviamo [&hellip;]","protected":false},"author":1,"featured_media":0,"comment_status":"closed","ping_status":"open","sticky":false,"template":"","format":"standard","meta":{"footnotes":""},"tags":[],"class_list":["post-651","post","type-post","status-publish","format-standard","hentry"],"_links":{"self":[{"href":"https:\/\/ambsansalvador.esteri.it\/it\/wp-json\/wp\/v2\/posts\/651","targetHints":{"allow":["GET"]}}],"collection":[{"href":"https:\/\/ambsansalvador.esteri.it\/it\/wp-json\/wp\/v2\/posts"}],"about":[{"href":"https:\/\/ambsansalvador.esteri.it\/it\/wp-json\/wp\/v2\/types\/post"}],"author":[{"embeddable":true,"href":"https:\/\/ambsansalvador.esteri.it\/it\/wp-json\/wp\/v2\/users\/1"}],"replies":[{"embeddable":true,"href":"https:\/\/ambsansalvador.esteri.it\/it\/wp-json\/wp\/v2\/comments?post=651"}],"version-history":[{"count":0,"href":"https:\/\/ambsansalvador.esteri.it\/it\/wp-json\/wp\/v2\/posts\/651\/revisions"}],"wp:attachment":[{"href":"https:\/\/ambsansalvador.esteri.it\/it\/wp-json\/wp\/v2\/media?parent=651"}],"wp:term":[{"taxonomy":"post_tag","embeddable":true,"href":"https:\/\/ambsansalvador.esteri.it\/it\/wp-json\/wp\/v2\/tags?post=651"}],"curies":[{"name":"wp","href":"https:\/\/api.w.org\/{rel}","templated":true}]}}