{"id":661,"date":"2020-01-17T15:20:22","date_gmt":"2020-01-17T21:20:22","guid":{"rendered":"https:\/\/ambsansalvador.esteri.it\/2020\/01\/17\/open-call-photo-iila-xii-edizione\/"},"modified":"2020-01-17T15:20:22","modified_gmt":"2020-01-17T21:20:22","slug":"open-call-photo-iila-xii-edizione","status":"publish","type":"post","link":"https:\/\/ambsansalvador.esteri.it\/it\/news\/dall_ambasciata\/2020\/01\/open-call-photo-iila-xii-edizione\/","title":{"rendered":"Open calL PHOTO IILA XII edizione Premio IILA-FOTOGRAFIA &#8220;Siamo cio&#8217; che mangiamo&#8221; Scadenza per la presentazione dei progetti: 2 marzo 2020"},"content":{"rendered":"<p><a href=\"resource\/doc\/2020\/01\/ita_bando_xii_photo_iila_2020.docx\">SCARICA IL BANDO.<\/a><\/p>\n<p>&#8220;L\u2019uomo \u00e8 ci\u00f2 che mangia\u201d<br \/>Ludwig Feuerbach, Il mistero del sacrificio o l\u2019uomo \u00e8 ci\u00f2 che mangia, 1862<\/p>\n<p>L\u2019IILA \u2013 Organizzazione internazionale italo-latino americana, lancia la dodicesima edizione di PHOTO IILA, il premio rivolto a fotografi emergenti latinoamericani al di sotto dei 35 anni di et\u00e0.<\/p>\n<p>I fotografi che vogliono partecipare alla selezione di quest\u2019anno dovranno inviare a premioiilafotografia@gmail.com un progetto sul tema \u201cSiamo ci\u00f2 che mangiamo\u201d.<br \/>La tematica si ispira ad uno dei 17 Obiettivi dello Sviluppo Sostenibile che fanno parte dell\u2019Agenda 2030 delle Nazioni Unite, ovvero il numero 2 \u201cFame Zero\u201d, che si prefigge di \u201cporre fine alla fame, raggiungere la sicurezza alimentare, migliorare la nutrizione e promuovere un\u2019agricoltura sostenibile\u201d. IILA, in quanto Osservatore ONU, porta avanti queste tematiche nel proprio lavoro.<br \/>Il raggiungimento dell\u2019obiettivo \u201cFame Zero\u201d si basa sul rispetto per il cibo, per chi lo produce, per i luoghi da cui ha origine, per la sua distribuzione, per coloro che non ne hanno, tutti principi che devono essere trasmessi alle generazioni future per garantire il diritto all\u2019alimentazione.<br \/>Con queste premesse, e coscienti del fatto che gli alimenti contribuiscano al nostro benessere, sia fisico che mentale, si invitano i candidati a sviluppare un progetto fotografico attorno ai seguenti concetti: l\u2019importanza del cibo; il cibo inteso sia come nutrimento, sia come espressione di un\u2019identit\u00e0 culturale (i suoi legami con la societ\u00e0, la cultura, il Patrimonio immateriale, la lingua); i processi di produzione del cibo; la sovranit\u00e0 alimentare; il diritto a un cibo di qualit\u00e0; il power food e i nuovi fenomeni estrattivisti etc.<\/p>\n<p>Maggiori informazioni sul tema sono disponibili sulla pagina web dell\u2019ONU:<br \/>https:\/\/unric.org\/it\/obiettivo-2-porre-fine-alla-fame-raggiungere-la-sicurezza-alimentare-migliorare-la-nutrizione-e-promuovere-unagricoltura-sostenibile\/<\/p>\n<p>Per partecipare a PHOTO IILA si richiede l\u2019invio di lavori fotografici (con un minimo di 5 fino ad un massimo di 10 foto), che riguardino il tema proposto da un punto di vista artistico e con una solida qualit\u00e0 estetica; non si accettano lavori che siano stati commissionati per campagne pubblicitarie o sociali, pubbliche o private.<\/p>\n<p>Tra i lavori presentati, verranno selezionati un progetto vincitore e cinque finalisti, che saranno esposti in uno spazio della rete museale di Roma. Al vincitore si offrir\u00e0 una residenza di un mese, durante la quale svilupper\u00e0 un progetto fotografico che avr\u00e0 come oggetto la citt\u00e0 di Roma. Al termine della sua residenza, il vincitore terr\u00e0 una conferenza pubblica sul processo creativo e la realizzazione del body of work nella citt\u00e0. Il progetto sar\u00e0 presentato nell\u2019ambito dell\u2019edizione successiva del Premio.<\/p>\n<p>Il bando per partecipare, che scade il 2 marzo 2020, \u00e8 consultabile sul sito web dell\u2019IILA www.iila.org<\/p>\n<p>Per ulteriori informazioni:<br \/>Segreteria Culturale IILA | Tel. +39 06 68492. 225\/246 | www.iila.org | <a href=\"mailto:s.culturale@iila.org\">s.culturale@iila.org<\/a><\/p>\n<p>\u00a0<\/p>\n<p>\u00a0<\/p>\n","protected":false},"excerpt":{"rendered":"SCARICA IL BANDO. &#8220;L\u2019uomo \u00e8 ci\u00f2 che mangia\u201dLudwig Feuerbach, Il mistero del sacrificio o l\u2019uomo \u00e8 ci\u00f2 che mangia, 1862 L\u2019IILA \u2013 Organizzazione internazionale italo-latino americana, lancia la dodicesima edizione di PHOTO IILA, il premio rivolto a fotografi emergenti latinoamericani al di sotto dei 35 anni di et\u00e0. I fotografi che vogliono partecipare alla selezione [&hellip;]","protected":false},"author":1,"featured_media":0,"comment_status":"closed","ping_status":"open","sticky":false,"template":"","format":"standard","meta":{"footnotes":""},"tags":[],"class_list":["post-661","post","type-post","status-publish","format-standard","hentry"],"_links":{"self":[{"href":"https:\/\/ambsansalvador.esteri.it\/it\/wp-json\/wp\/v2\/posts\/661","targetHints":{"allow":["GET"]}}],"collection":[{"href":"https:\/\/ambsansalvador.esteri.it\/it\/wp-json\/wp\/v2\/posts"}],"about":[{"href":"https:\/\/ambsansalvador.esteri.it\/it\/wp-json\/wp\/v2\/types\/post"}],"author":[{"embeddable":true,"href":"https:\/\/ambsansalvador.esteri.it\/it\/wp-json\/wp\/v2\/users\/1"}],"replies":[{"embeddable":true,"href":"https:\/\/ambsansalvador.esteri.it\/it\/wp-json\/wp\/v2\/comments?post=661"}],"version-history":[{"count":0,"href":"https:\/\/ambsansalvador.esteri.it\/it\/wp-json\/wp\/v2\/posts\/661\/revisions"}],"wp:attachment":[{"href":"https:\/\/ambsansalvador.esteri.it\/it\/wp-json\/wp\/v2\/media?parent=661"}],"wp:term":[{"taxonomy":"post_tag","embeddable":true,"href":"https:\/\/ambsansalvador.esteri.it\/it\/wp-json\/wp\/v2\/tags?post=661"}],"curies":[{"name":"wp","href":"https:\/\/api.w.org\/{rel}","templated":true}]}}