{"id":686,"date":"2017-09-11T21:23:51","date_gmt":"2017-09-12T03:23:51","guid":{"rendered":"https:\/\/ambsansalvador.esteri.it\/2017\/09\/11\/convocatoria-becas-ofrecidas-a\/"},"modified":"2017-09-11T21:23:51","modified_gmt":"2017-09-12T03:23:51","slug":"convocatoria-becas-ofrecidas-a","status":"publish","type":"post","link":"https:\/\/ambsansalvador.esteri.it\/it\/news\/dall_ambasciata\/2017\/09\/convocatoria-becas-ofrecidas-a\/","title":{"rendered":"CONVOCATORIA BECAS OFRECIDAS A CIUDADANOS LATINOAMERICANOS PARA EL A\u00d1O 2018"},"content":{"rendered":"<p>La Organizaci\u00f3n Internacional Italo &#8211; Latino Americana (IILA), con el financiamiento de la Direcci\u00f3n General para la Cooperaci\u00f3n al Desarrollo del Ministerio de Asuntos Exteriores de Italia (DGCD\/MAE), concede becas a ciudadanos provenientes de los Pa\u00edses latinoamericanos miembros de la IILA.<\/p>\n<p><a href=\"resource\/doc\/2017\/09\/bando_agroalimentario.pdf\">-BECAS EN EL SECTOR AGROLIMENTARIO<\/a><a href=\"index.php?option=com_content&#038;view=category&#038;id=2\"><\/a><\/p>\n<p><a href=\"resource\/doc\/2017\/09\/bando_ambiente.pdf\">-BECAS EN EL SECTOR AMBIENTAL<\/a><\/p>\n<p><a href=\"resource\/doc\/2017\/09\/bando_patrimonio.pdf\">-BECAS EN EL SECTOR DE LA TUTELA DEL PATRIMONIO CULTURAL<\/a><\/p>\n<p><a href=\"resource\/doc\/2017\/09\/bando_sanitario.pdf\">-BECAS EN EL SECTOR SANITARIO<\/a><\/p>\n<p>\u00a0<\/p>\n","protected":false},"excerpt":{"rendered":"La Organizaci\u00f3n Internacional Italo &#8211; Latino Americana (IILA), con el financiamiento de la Direcci\u00f3n General para la Cooperaci\u00f3n al Desarrollo del Ministerio de Asuntos Exteriores de Italia (DGCD\/MAE), concede becas a ciudadanos provenientes de los Pa\u00edses latinoamericanos miembros de la IILA. -BECAS EN EL SECTOR AGROLIMENTARIO -BECAS EN EL SECTOR AMBIENTAL -BECAS EN EL SECTOR [&hellip;]","protected":false},"author":1,"featured_media":0,"comment_status":"closed","ping_status":"open","sticky":false,"template":"","format":"standard","meta":{"footnotes":""},"tags":[],"class_list":["post-686","post","type-post","status-publish","format-standard","hentry"],"_links":{"self":[{"href":"https:\/\/ambsansalvador.esteri.it\/it\/wp-json\/wp\/v2\/posts\/686","targetHints":{"allow":["GET"]}}],"collection":[{"href":"https:\/\/ambsansalvador.esteri.it\/it\/wp-json\/wp\/v2\/posts"}],"about":[{"href":"https:\/\/ambsansalvador.esteri.it\/it\/wp-json\/wp\/v2\/types\/post"}],"author":[{"embeddable":true,"href":"https:\/\/ambsansalvador.esteri.it\/it\/wp-json\/wp\/v2\/users\/1"}],"replies":[{"embeddable":true,"href":"https:\/\/ambsansalvador.esteri.it\/it\/wp-json\/wp\/v2\/comments?post=686"}],"version-history":[{"count":0,"href":"https:\/\/ambsansalvador.esteri.it\/it\/wp-json\/wp\/v2\/posts\/686\/revisions"}],"wp:attachment":[{"href":"https:\/\/ambsansalvador.esteri.it\/it\/wp-json\/wp\/v2\/media?parent=686"}],"wp:term":[{"taxonomy":"post_tag","embeddable":true,"href":"https:\/\/ambsansalvador.esteri.it\/it\/wp-json\/wp\/v2\/tags?post=686"}],"curies":[{"name":"wp","href":"https:\/\/api.w.org\/{rel}","templated":true}]}}