{"id":877,"date":"2024-01-24T12:53:21","date_gmt":"2024-01-24T18:53:21","guid":{"rendered":"https:\/\/ambsansalvador.esteri.it\/?p=877"},"modified":"2024-01-24T15:55:40","modified_gmt":"2024-01-24T21:55:40","slug":"ambsciata-ditalia-consegna-libri-e-materiale-didattico-al-ministero-della-cultura-salvadoregno","status":"publish","type":"post","link":"https:\/\/ambsansalvador.esteri.it\/it\/news\/dall_ambasciata\/2024\/01\/ambsciata-ditalia-consegna-libri-e-materiale-didattico-al-ministero-della-cultura-salvadoregno\/","title":{"rendered":"Ambasciata d&#8217;Italia consegna libri e materiale didattico al Ministero della Cultura salvadoregno"},"content":{"rendered":"<p>Lo scorso 17 gennaio presso la nuova Biblioteca Nazionale in San Salvador (BINAES) si \u00e8 tenuta la cerimonia di consegna, organizzata dal locale Ministero della Cultura, del materiale librario e didattico inviato dal MAECI.<\/p>\n<p>All\u2019evento ha partecipato, oltre all\u2019Ambasciatore Edoardo Pucci, il Vice Ministro della Cultura nonch\u00e9 responsabile per il Governo salvadoregno della BINAES, Eric Doradea, che ha ringraziato il nostro Governo per la generosa donazione che consolider\u00e0 l\u2019avvicinamento della giovent\u00f9 salvadoregna alla Cultura e alla Lingua italiana che attualmente \u00e8 la terza pi\u00f9 studiata nel Paese centroamericano.<\/p>\n<p>La donazione di oltre 100 opere rappresenta un esempio concreto dell\u2019appoggio fornito dall\u2019Italia alle iniziative che mirano a far conoscere alle giovani generazioni salvadoregne la Storia, la Cultura e le bellezze artistiche del nostro Paese dove peraltro vive una numerosa comunit\u00e0 di El Salvador.<\/p>\n<p>Oltre ai volumi prescelti e scritti dai principali autori italiani per gli adolescenti, sono state donate donate copie dei libri per bambini pubblicati e prodotti dal MAECI quali \u201cPimpa viaggia in Italia\u201d, \u201cGeronimo Stilton. Mille meraviglie\u201d e \u201cGeronimo Stilton. Mille meraviglie in blu\u201d nella versione italiana ed in quella spagnola.<\/p>\n","protected":false},"excerpt":{"rendered":"Lo scorso 17 gennaio presso la nuova Biblioteca Nazionale in San Salvador (BINAES) si \u00e8 tenuta la cerimonia di consegna, organizzata dal locale Ministero della Cultura, del materiale librario e didattico inviato dal MAECI. All\u2019evento ha partecipato, oltre all\u2019Ambasciatore Edoardo Pucci, il Vice Ministro della Cultura nonch\u00e9 responsabile per il Governo salvadoregno della BINAES, Eric [&hellip;]","protected":false},"author":2,"featured_media":888,"comment_status":"closed","ping_status":"closed","sticky":false,"template":"","format":"standard","meta":{"footnotes":""},"tags":[],"class_list":["post-877","post","type-post","status-publish","format-standard","has-post-thumbnail","hentry"],"_links":{"self":[{"href":"https:\/\/ambsansalvador.esteri.it\/it\/wp-json\/wp\/v2\/posts\/877","targetHints":{"allow":["GET"]}}],"collection":[{"href":"https:\/\/ambsansalvador.esteri.it\/it\/wp-json\/wp\/v2\/posts"}],"about":[{"href":"https:\/\/ambsansalvador.esteri.it\/it\/wp-json\/wp\/v2\/types\/post"}],"author":[{"embeddable":true,"href":"https:\/\/ambsansalvador.esteri.it\/it\/wp-json\/wp\/v2\/users\/2"}],"replies":[{"embeddable":true,"href":"https:\/\/ambsansalvador.esteri.it\/it\/wp-json\/wp\/v2\/comments?post=877"}],"version-history":[{"count":2,"href":"https:\/\/ambsansalvador.esteri.it\/it\/wp-json\/wp\/v2\/posts\/877\/revisions"}],"predecessor-version":[{"id":894,"href":"https:\/\/ambsansalvador.esteri.it\/it\/wp-json\/wp\/v2\/posts\/877\/revisions\/894"}],"wp:featuredmedia":[{"embeddable":true,"href":"https:\/\/ambsansalvador.esteri.it\/it\/wp-json\/wp\/v2\/media\/888"}],"wp:attachment":[{"href":"https:\/\/ambsansalvador.esteri.it\/it\/wp-json\/wp\/v2\/media?parent=877"}],"wp:term":[{"taxonomy":"post_tag","embeddable":true,"href":"https:\/\/ambsansalvador.esteri.it\/it\/wp-json\/wp\/v2\/tags?post=877"}],"curies":[{"name":"wp","href":"https:\/\/api.w.org\/{rel}","templated":true}]}}